{"id":3968,"date":"2025-06-23T20:13:59","date_gmt":"2025-06-23T23:13:59","guid":{"rendered":"https:\/\/elfaroonline.com.ar\/?p=3968"},"modified":"2025-06-23T20:13:59","modified_gmt":"2025-06-23T23:13:59","slug":"la-ruta-42-estara-lista-en-pocas-semanas-para-conectar-el-valle-central-con-el-alto-por-una-via-segura-y-rapida","status":"publish","type":"post","link":"https:\/\/elfaroonline.com.ar\/index.php\/2025\/06\/23\/la-ruta-42-estara-lista-en-pocas-semanas-para-conectar-el-valle-central-con-el-alto-por-una-via-segura-y-rapida\/","title":{"rendered":"La Ruta 42 estar\u00e1 lista en pocas semanas para conectar el Valle Central con El Alto por una v\u00eda segura y r\u00e1pida"},"content":{"rendered":"<p class=\"v1MsoNormal\">La pavimentaci\u00f3n de la Ruta Provincial N\u00b042 entr\u00f3 en su etapa final y se espera que a finales de julio o principios de agosto sea inaugurada. Una obra hist\u00f3rica para los habitantes del Este provincial.<\/p>\n<p class=\"v1MsoNormal\">La intervenci\u00f3n vial en el Este provincial comprende el tramo entre Tintigasta y la Hoster\u00eda Polo Gim\u00e9nez, en la cumbre del Portezuelo, en una extensi\u00f3n de 30 kil\u00f3metros, de los cuales 22 ya se encuentran pavimentados, 7 est\u00e1n listos para su asfaltado y queda 1 kil\u00f3metro de movimiento de suelo. Adem\u00e1s, ya se iniciaron las tareas de se\u00f1alizaci\u00f3n horizontal en los tramos asfaltados.<\/p>\n<p class=\"v1MsoNormal\">El intendente de El Alto, Ariel Ojeda, destac\u00f3 el impacto de esta obra p\u00fablica al afirmar: &#8220;ya estamos en el \u00faltimo tramo de la pavimentaci\u00f3n de la Ruta 42. La finalizaci\u00f3n de este corredor ser\u00e1 una fiesta para todos los que habitamos en el Este de Catamarca&#8221;.<\/p>\n<p class=\"v1MsoNormal\">Y remarc\u00f3 la pol\u00edtica del Gobierno provincial: &#8220;Esto habla de la gesti\u00f3n de Ra\u00fal Jalil, que tiene una mirada diferente hacia el interior profundo de Catamarca. Realmente, como intendente, quiero agradecer ese eco que tuvimos del pedido de esta ruta&#8221;.<\/p>\n<p class=\"v1MsoNormal\">La culminaci\u00f3n de esta pavimentaci\u00f3n permitir\u00e1 que los vecinos de El Alto, Guayamba, Tintigasta, entre otras localidades del Este, puedan conectarse con el Valle Central provincial por una v\u00eda segura y r\u00e1pida.<\/p>\n<p class=\"v1MsoNormal\">Esta obra forma parte del Corredor Vial Este donde ya se concret\u00f3 la pavimentaci\u00f3n de 65 kil\u00f3metros en Ruta 7 (Esqui\u00fa-Baviano), 22 kil\u00f3metros en Ruta 2 (San Antonio-Ica\u00f1o), y en la brevedad iniciar\u00e1n los trabajos de repavimentaci\u00f3n de 18 kil\u00f3metros en Ruta 2, tramo Anquincila-Cumbre del Portezuelo.<\/p>\n","protected":false},"excerpt":{"rendered":"<p>La pavimentaci\u00f3n de la Ruta Provincial N\u00b042 entr\u00f3 en su etapa final y se espera que a finales de julio o principios de agosto sea inaugurada. Una obra hist\u00f3rica para los habitantes del Este provincial. La intervenci\u00f3n vial en el Este provincial comprende el tramo entre Tintigasta y la Hoster\u00eda Polo Gim\u00e9nez, en la cumbre [&hellip;]<\/p>\n","protected":false},"author":2,"featured_media":3969,"comment_status":"open","ping_status":"open","sticky":false,"template":"","format":"standard","meta":{"footnotes":""},"categories":[21],"tags":[],"class_list":{"0":"post-3968","1":"post","2":"type-post","3":"status-publish","4":"format-standard","5":"has-post-thumbnail","7":"category-politica"},"aioseo_notices":[],"_links":{"self":[{"href":"https:\/\/elfaroonline.com.ar\/index.php\/wp-json\/wp\/v2\/posts\/3968","targetHints":{"allow":["GET"]}}],"collection":[{"href":"https:\/\/elfaroonline.com.ar\/index.php\/wp-json\/wp\/v2\/posts"}],"about":[{"href":"https:\/\/elfaroonline.com.ar\/index.php\/wp-json\/wp\/v2\/types\/post"}],"author":[{"embeddable":true,"href":"https:\/\/elfaroonline.com.ar\/index.php\/wp-json\/wp\/v2\/users\/2"}],"replies":[{"embeddable":true,"href":"https:\/\/elfaroonline.com.ar\/index.php\/wp-json\/wp\/v2\/comments?post=3968"}],"version-history":[{"count":1,"href":"https:\/\/elfaroonline.com.ar\/index.php\/wp-json\/wp\/v2\/posts\/3968\/revisions"}],"predecessor-version":[{"id":3970,"href":"https:\/\/elfaroonline.com.ar\/index.php\/wp-json\/wp\/v2\/posts\/3968\/revisions\/3970"}],"wp:featuredmedia":[{"embeddable":true,"href":"https:\/\/elfaroonline.com.ar\/index.php\/wp-json\/wp\/v2\/media\/3969"}],"wp:attachment":[{"href":"https:\/\/elfaroonline.com.ar\/index.php\/wp-json\/wp\/v2\/media?parent=3968"}],"wp:term":[{"taxonomy":"category","embeddable":true,"href":"https:\/\/elfaroonline.com.ar\/index.php\/wp-json\/wp\/v2\/categories?post=3968"},{"taxonomy":"post_tag","embeddable":true,"href":"https:\/\/elfaroonline.com.ar\/index.php\/wp-json\/wp\/v2\/tags?post=3968"}],"curies":[{"name":"wp","href":"https:\/\/api.w.org\/{rel}","templated":true}]}}