{"id":3971,"date":"2025-06-23T20:31:58","date_gmt":"2025-06-23T23:31:58","guid":{"rendered":"https:\/\/elfaroonline.com.ar\/?p=3971"},"modified":"2025-06-23T20:31:58","modified_gmt":"2025-06-23T23:31:58","slug":"convocatoria-a-elecciones-legislativas","status":"publish","type":"post","link":"https:\/\/elfaroonline.com.ar\/index.php\/2025\/06\/23\/convocatoria-a-elecciones-legislativas\/","title":{"rendered":"Convocatoria a Elecciones Legislativas"},"content":{"rendered":"<p class=\"v1MsoNormal\">El Gobierno de la Provincia de Catamarca, mediante Decreto N\u00b01036, convoca oficialmente a elecciones generales legislativas provinciales para el pr\u00f3ximo domingo 26 de octubre de 2025 en forma concurrente con las elecciones nacionales.<\/p>\n<p class=\"v1MsoNormal\">En la jornada electoral se elegir\u00e1n los siguientes cargos:<\/p>\n<p class=\"v1MsoNormal\">-21 diputados provinciales titulares y 6 (seis) suplentes.<\/p>\n<p class=\"v1MsoNormal\">-8 senadores provinciales titulares y sus respectivos suplentes para los departamentos Antofagasta de la Sierra, Ancasti, Capay\u00e1n, El Alto, La Paz, Pacl\u00edn, Santa Mar\u00eda y Tinogasta.<\/p>\n<p class=\"v1MsoNormal\">La medida fue firmada por el gobernador Ra\u00fal Jalil y forma parte del cronograma democr\u00e1tico previsto por la Constituci\u00f3n Provincial para renovar parcialmente las c\u00e1maras legislativas.<\/p>\n","protected":false},"excerpt":{"rendered":"<p>El Gobierno de la Provincia de Catamarca, mediante Decreto N\u00b01036, convoca oficialmente a elecciones generales legislativas provinciales para el pr\u00f3ximo domingo 26 de octubre de 2025 en forma concurrente con las elecciones nacionales. En la jornada electoral se elegir\u00e1n los siguientes cargos: -21 diputados provinciales titulares y 6 (seis) suplentes. -8 senadores provinciales titulares y [&hellip;]<\/p>\n","protected":false},"author":2,"featured_media":3972,"comment_status":"open","ping_status":"open","sticky":false,"template":"","format":"standard","meta":{"footnotes":""},"categories":[21],"tags":[],"class_list":{"0":"post-3971","1":"post","2":"type-post","3":"status-publish","4":"format-standard","5":"has-post-thumbnail","7":"category-politica"},"aioseo_notices":[],"_links":{"self":[{"href":"https:\/\/elfaroonline.com.ar\/index.php\/wp-json\/wp\/v2\/posts\/3971","targetHints":{"allow":["GET"]}}],"collection":[{"href":"https:\/\/elfaroonline.com.ar\/index.php\/wp-json\/wp\/v2\/posts"}],"about":[{"href":"https:\/\/elfaroonline.com.ar\/index.php\/wp-json\/wp\/v2\/types\/post"}],"author":[{"embeddable":true,"href":"https:\/\/elfaroonline.com.ar\/index.php\/wp-json\/wp\/v2\/users\/2"}],"replies":[{"embeddable":true,"href":"https:\/\/elfaroonline.com.ar\/index.php\/wp-json\/wp\/v2\/comments?post=3971"}],"version-history":[{"count":1,"href":"https:\/\/elfaroonline.com.ar\/index.php\/wp-json\/wp\/v2\/posts\/3971\/revisions"}],"predecessor-version":[{"id":3973,"href":"https:\/\/elfaroonline.com.ar\/index.php\/wp-json\/wp\/v2\/posts\/3971\/revisions\/3973"}],"wp:featuredmedia":[{"embeddable":true,"href":"https:\/\/elfaroonline.com.ar\/index.php\/wp-json\/wp\/v2\/media\/3972"}],"wp:attachment":[{"href":"https:\/\/elfaroonline.com.ar\/index.php\/wp-json\/wp\/v2\/media?parent=3971"}],"wp:term":[{"taxonomy":"category","embeddable":true,"href":"https:\/\/elfaroonline.com.ar\/index.php\/wp-json\/wp\/v2\/categories?post=3971"},{"taxonomy":"post_tag","embeddable":true,"href":"https:\/\/elfaroonline.com.ar\/index.php\/wp-json\/wp\/v2\/tags?post=3971"}],"curies":[{"name":"wp","href":"https:\/\/api.w.org\/{rel}","templated":true}]}}