{"id":3974,"date":"2025-06-26T18:37:14","date_gmt":"2025-06-26T21:37:14","guid":{"rendered":"https:\/\/elfaroonline.com.ar\/?p=3974"},"modified":"2025-06-26T18:37:14","modified_gmt":"2025-06-26T21:37:14","slug":"13-provincias-piden-a-nacion-que-baje-el-precio-de-la-energia-con-una-tarifa-diferencial","status":"publish","type":"post","link":"https:\/\/elfaroonline.com.ar\/index.php\/2025\/06\/26\/13-provincias-piden-a-nacion-que-baje-el-precio-de-la-energia-con-una-tarifa-diferencial\/","title":{"rendered":"13 provincias piden a Naci\u00f3n que baje el precio de la energ\u00eda con una tarifa diferencial"},"content":{"rendered":"<p class=\"v1MsoNormal\">El gobernador Ra\u00fal Jalil particip\u00f3 del encuentro de gobernadores del Norte Grande y Litoral en la provincia de Santiago del Estero, donde se defini\u00f3 que se elevar\u00e1 al Congreso de la Naci\u00f3n un proyecto de ley para que 13 provincias de las mencionadas regiones cuenten con una tarifa diferencial del servicio el\u00e9ctrico.<\/p>\n<p class=\"v1MsoNormal\">Al respecto, el gobernador Ra\u00fal Jalil expres\u00f3: &#8220;queremos que cada familia catamarque\u00f1a acceda la energ\u00eda con un costo razonable, especialmente en los meses de mayor consumo. Esta demanda busca corregir asimetr\u00edas y garantizar condiciones m\u00e1s justas para los hogares catamarque\u00f1os, del Norte y tambi\u00e9n del Litoral&#8221;<\/p>\n<p class=\"v1MsoNormal\">El comunicado elaborado por los gobernadores es el siguiente:<\/p>\n<p class=\"v1MsoNormal\"><i>&#8220;Ambas regiones proponemos una legislaci\u00f3n que permita establecer una tarifa diferencial el\u00e9ctrica para las zonas c\u00e1lidas y muy c\u00e1lidas. <\/i><\/p>\n<p class=\"v1MsoNormal\"><i>El proyecto establece compensar las asimetr\u00edas en el costo de energ\u00eda el\u00e9ctrica en provincias y localidades de zonas bioambientales c\u00e1lidas y muy c\u00e1lidas, las que incluyen las provincias de Catamarca, Chaco, Corrientes, Entre R\u00edos, Formosa, Misiones, Jujuy, La Rioja, Salta, Santiago del Estero, Tucum\u00e1n y algunos departamentos de las provincias de C\u00f3rdoba y Santa F\u00e9, conforme una clasificaci\u00f3n t\u00e9cnica cient\u00edfica de norma IRAM 11603\/12. <\/i><\/p>\n<p class=\"v1MsoNormal\"><i>Asimismo, tiene como objetivo el financiamiento de la reducci\u00f3n de los precios diferenciales de la energ\u00eda, potencia y transporte, durante los meses de diciembre, enero, febrero y marzo de cada a\u00f1o. <\/i><\/p>\n<p class=\"v1MsoNormal\"><i>Planteamos una cuesti\u00f3n de equidad e igualdad, redistribuyendo recursos, sin alterar el equilibrio fiscal ni generar nuevos impuestos, teniendo como beneficiarios a los usuarios residenciales y manteniendo la autonom\u00eda de las provincias en el resultado que pueda dar la Ley. <\/i><\/p>\n<p class=\"v1MsoNormal\"><i>Las 13 provincias vamos a presentar, en los pr\u00f3ximos d\u00edas, un proyecto de ley de com\u00fan acuerdo, que proponga una tarifa diferencial el\u00e9ctrica para ambas regiones, para que sea tratado en el Congreso, quedando abiertos al di\u00e1logo con Naci\u00f3n&#8221;.<\/i><\/p>\n","protected":false},"excerpt":{"rendered":"<p>El gobernador Ra\u00fal Jalil particip\u00f3 del encuentro de gobernadores del Norte Grande y Litoral en la provincia de Santiago del Estero, donde se defini\u00f3 que se elevar\u00e1 al Congreso de la Naci\u00f3n un proyecto de ley para que 13 provincias de las mencionadas regiones cuenten con una tarifa diferencial del servicio el\u00e9ctrico. Al respecto, el [&hellip;]<\/p>\n","protected":false},"author":2,"featured_media":3975,"comment_status":"open","ping_status":"open","sticky":false,"template":"","format":"standard","meta":{"footnotes":""},"categories":[23,21],"tags":[],"class_list":{"0":"post-3974","1":"post","2":"type-post","3":"status-publish","4":"format-standard","5":"has-post-thumbnail","7":"category-destacados","8":"category-politica"},"aioseo_notices":[],"_links":{"self":[{"href":"https:\/\/elfaroonline.com.ar\/index.php\/wp-json\/wp\/v2\/posts\/3974","targetHints":{"allow":["GET"]}}],"collection":[{"href":"https:\/\/elfaroonline.com.ar\/index.php\/wp-json\/wp\/v2\/posts"}],"about":[{"href":"https:\/\/elfaroonline.com.ar\/index.php\/wp-json\/wp\/v2\/types\/post"}],"author":[{"embeddable":true,"href":"https:\/\/elfaroonline.com.ar\/index.php\/wp-json\/wp\/v2\/users\/2"}],"replies":[{"embeddable":true,"href":"https:\/\/elfaroonline.com.ar\/index.php\/wp-json\/wp\/v2\/comments?post=3974"}],"version-history":[{"count":1,"href":"https:\/\/elfaroonline.com.ar\/index.php\/wp-json\/wp\/v2\/posts\/3974\/revisions"}],"predecessor-version":[{"id":3976,"href":"https:\/\/elfaroonline.com.ar\/index.php\/wp-json\/wp\/v2\/posts\/3974\/revisions\/3976"}],"wp:featuredmedia":[{"embeddable":true,"href":"https:\/\/elfaroonline.com.ar\/index.php\/wp-json\/wp\/v2\/media\/3975"}],"wp:attachment":[{"href":"https:\/\/elfaroonline.com.ar\/index.php\/wp-json\/wp\/v2\/media?parent=3974"}],"wp:term":[{"taxonomy":"category","embeddable":true,"href":"https:\/\/elfaroonline.com.ar\/index.php\/wp-json\/wp\/v2\/categories?post=3974"},{"taxonomy":"post_tag","embeddable":true,"href":"https:\/\/elfaroonline.com.ar\/index.php\/wp-json\/wp\/v2\/tags?post=3974"}],"curies":[{"name":"wp","href":"https:\/\/api.w.org\/{rel}","templated":true}]}}