{"id":3977,"date":"2025-06-26T18:37:41","date_gmt":"2025-06-26T21:37:41","guid":{"rendered":"https:\/\/elfaroonline.com.ar\/?p=3977"},"modified":"2025-06-26T18:37:41","modified_gmt":"2025-06-26T21:37:41","slug":"avance-institucional-en-justicia-de-familia-y-genero-quedo-oficialmente-creado-un-nuevo-juzgado","status":"publish","type":"post","link":"https:\/\/elfaroonline.com.ar\/index.php\/2025\/06\/26\/avance-institucional-en-justicia-de-familia-y-genero-quedo-oficialmente-creado-un-nuevo-juzgado\/","title":{"rendered":"Avance institucional en justicia de familia y g\u00e9nero: qued\u00f3 oficialmente creado un nuevo Juzgado"},"content":{"rendered":"<p class=\"v1MsoNormal\">El Poder Legislativo de Catamarca sancion\u00f3 la Ley N\u00b05903, que modifica y ampl\u00eda la Ley N\u00b05082 sobre la creaci\u00f3n y organizaci\u00f3n de los Juzgados de Familia, Violencia Familiar y de G\u00e9nero. La normativa, que ya fue remitida al gobernador Ra\u00fal Jalil con sanci\u00f3n definitiva, representa un nuevo paso en el fortalecimiento institucional del Poder Judicial en la provincia.<\/p>\n<p class=\"v1MsoNormal\">La nueva legislaci\u00f3n crea el Juzgado de Primera Instancia de Familia, Violencia Familiar y de G\u00e9nero de Cuarta Nominaci\u00f3n, que funcionar\u00e1 dentro del \u00e1mbito de la Primera Circunscripci\u00f3n Judicial. Asimismo, los juzgados ya existentes de Primera, Segunda y Tercera Nominaci\u00f3n, cambiar\u00e1n su denominaci\u00f3n a Juzgados de Familia, Violencia Familiar y de G\u00e9nero, con las mismas competencias.<\/p>\n<p class=\"v1MsoNormal\">La normativa tambi\u00e9n establece que estos juzgados ser\u00e1n unipersonales, es decir, estar\u00e1n a cargo de un\/a juez\/a con t\u00edtulo de abogado\/a y especializaci\u00f3n en la materia, conforme a lo exigido por la Constituci\u00f3n Provincial y la Ley Org\u00e1nica del Poder Judicial.<\/p>\n<p class=\"v1MsoNormal\">Asimismo, se crea una nueva Defensor\u00eda Oficial en lo Penal de V\u00edctimas de Violencia de G\u00e9nero, con sede en la Primera Circunscripci\u00f3n Judicial. Esta defensor\u00eda tendr\u00e1 la misi\u00f3n de garantizar la defensa jur\u00eddica gratuita para personas v\u00edctimas de violencia familiar y de g\u00e9nero en causas penales.<\/p>\n<p class=\"v1MsoNormal\">Esta reforma responde a la necesidad de mejorar la estructura judicial en un \u00e1rea particularmente sensible como lo es la violencia de g\u00e9nero y la protecci\u00f3n de las familias, que adem\u00e1s permitir\u00e1 dar mayor celeridad y capacidad de respuesta en la atenci\u00f3n de estos casos, ampliando la cobertura judicial en la provincia.<\/p>\n","protected":false},"excerpt":{"rendered":"<p>El Poder Legislativo de Catamarca sancion\u00f3 la Ley N\u00b05903, que modifica y ampl\u00eda la Ley N\u00b05082 sobre la creaci\u00f3n y organizaci\u00f3n de los Juzgados de Familia, Violencia Familiar y de G\u00e9nero. La normativa, que ya fue remitida al gobernador Ra\u00fal Jalil con sanci\u00f3n definitiva, representa un nuevo paso en el fortalecimiento institucional del Poder Judicial [&hellip;]<\/p>\n","protected":false},"author":2,"featured_media":3978,"comment_status":"open","ping_status":"open","sticky":false,"template":"","format":"standard","meta":{"footnotes":""},"categories":[23,20],"tags":[],"class_list":{"0":"post-3977","1":"post","2":"type-post","3":"status-publish","4":"format-standard","5":"has-post-thumbnail","7":"category-destacados","8":"category-sociedad"},"aioseo_notices":[],"_links":{"self":[{"href":"https:\/\/elfaroonline.com.ar\/index.php\/wp-json\/wp\/v2\/posts\/3977","targetHints":{"allow":["GET"]}}],"collection":[{"href":"https:\/\/elfaroonline.com.ar\/index.php\/wp-json\/wp\/v2\/posts"}],"about":[{"href":"https:\/\/elfaroonline.com.ar\/index.php\/wp-json\/wp\/v2\/types\/post"}],"author":[{"embeddable":true,"href":"https:\/\/elfaroonline.com.ar\/index.php\/wp-json\/wp\/v2\/users\/2"}],"replies":[{"embeddable":true,"href":"https:\/\/elfaroonline.com.ar\/index.php\/wp-json\/wp\/v2\/comments?post=3977"}],"version-history":[{"count":1,"href":"https:\/\/elfaroonline.com.ar\/index.php\/wp-json\/wp\/v2\/posts\/3977\/revisions"}],"predecessor-version":[{"id":3979,"href":"https:\/\/elfaroonline.com.ar\/index.php\/wp-json\/wp\/v2\/posts\/3977\/revisions\/3979"}],"wp:featuredmedia":[{"embeddable":true,"href":"https:\/\/elfaroonline.com.ar\/index.php\/wp-json\/wp\/v2\/media\/3978"}],"wp:attachment":[{"href":"https:\/\/elfaroonline.com.ar\/index.php\/wp-json\/wp\/v2\/media?parent=3977"}],"wp:term":[{"taxonomy":"category","embeddable":true,"href":"https:\/\/elfaroonline.com.ar\/index.php\/wp-json\/wp\/v2\/categories?post=3977"},{"taxonomy":"post_tag","embeddable":true,"href":"https:\/\/elfaroonline.com.ar\/index.php\/wp-json\/wp\/v2\/tags?post=3977"}],"curies":[{"name":"wp","href":"https:\/\/api.w.org\/{rel}","templated":true}]}}