{"id":3980,"date":"2025-06-26T18:38:06","date_gmt":"2025-06-26T21:38:06","guid":{"rendered":"https:\/\/elfaroonline.com.ar\/?p=3980"},"modified":"2025-06-26T18:38:06","modified_gmt":"2025-06-26T21:38:06","slug":"el-camino-a-el-tolar-estara-listo-en-agosto-y-se-cumplira-un-pedido-historico-de-su-poblacion","status":"publish","type":"post","link":"https:\/\/elfaroonline.com.ar\/index.php\/2025\/06\/26\/el-camino-a-el-tolar-estara-listo-en-agosto-y-se-cumplira-un-pedido-historico-de-su-poblacion\/","title":{"rendered":"El camino a El Tolar estar\u00e1 listo en agosto y se cumplir\u00e1 un pedido hist\u00f3rico de su poblaci\u00f3n"},"content":{"rendered":"<p class=\"v1MsoNormal\">El gobernador Ra\u00fal Jalil recibi\u00f3 al intendente de Puerta de Corral Quemado, Carlos Casimiro, para analizar el avance de la obra del camino a El Tolar, una conexi\u00f3n vial largamente esperada por los vecinos del norte de Bel\u00e9n y la regi\u00f3n.<\/p>\n<p class=\"v1MsoNormal\">En el encuentro, se confirm\u00f3 que los trabajos estar\u00e1n finalizados en la primera quincena de agosto, cumpliendo as\u00ed con un reclamo hist\u00f3rico de los habitantes del Tolar. La apertura del camino es ejecutada de manera conjunta entre Vialidad Provincial y la Municipalidad de Puerta de Corral Quemado.<\/p>\n<p class=\"v1MsoNormal\">La nueva traza permitir\u00e1 una conexi\u00f3n directa de El Tolar con El Durazno y Puerta de Corral Quemado, en el norte del departamento Bel\u00e9n, mejorando la circulaci\u00f3n de los habitantes, la circulaci\u00f3n de bienes y servicios, as\u00ed como la atenci\u00f3n de emergencias m\u00e9dicas y la accesibilidad de docentes a escuelas de la zona.<\/p>\n<p class=\"v1MsoNormal\">Adem\u00e1s, en la reuni\u00f3n se abordaron otros temas vinculados al respaldo del Gobierno provincial al municipio, entre ellos un pr\u00e9stamo destinado al pago del medio aguinaldo para los trabajadores de la jurisdicci\u00f3n municipal.<\/p>\n<p>Acompa\u00f1aron al Gobernador los ministros de Gobierno, Seguridad y Justicia, Fernando Monguillot, y de Hacienda y Obras P\u00fablicas, Juan Marchett\u00ed; y el equipo de Vialidad Provincial, encabezado por su director, Fernando Castillo.<\/p>\n","protected":false},"excerpt":{"rendered":"<p>El gobernador Ra\u00fal Jalil recibi\u00f3 al intendente de Puerta de Corral Quemado, Carlos Casimiro, para analizar el avance de la obra del camino a El Tolar, una conexi\u00f3n vial largamente esperada por los vecinos del norte de Bel\u00e9n y la regi\u00f3n. En el encuentro, se confirm\u00f3 que los trabajos estar\u00e1n finalizados en la primera quincena [&hellip;]<\/p>\n","protected":false},"author":2,"featured_media":3981,"comment_status":"open","ping_status":"open","sticky":false,"template":"","format":"standard","meta":{"footnotes":""},"categories":[21],"tags":[],"class_list":{"0":"post-3980","1":"post","2":"type-post","3":"status-publish","4":"format-standard","5":"has-post-thumbnail","7":"category-politica"},"aioseo_notices":[],"_links":{"self":[{"href":"https:\/\/elfaroonline.com.ar\/index.php\/wp-json\/wp\/v2\/posts\/3980","targetHints":{"allow":["GET"]}}],"collection":[{"href":"https:\/\/elfaroonline.com.ar\/index.php\/wp-json\/wp\/v2\/posts"}],"about":[{"href":"https:\/\/elfaroonline.com.ar\/index.php\/wp-json\/wp\/v2\/types\/post"}],"author":[{"embeddable":true,"href":"https:\/\/elfaroonline.com.ar\/index.php\/wp-json\/wp\/v2\/users\/2"}],"replies":[{"embeddable":true,"href":"https:\/\/elfaroonline.com.ar\/index.php\/wp-json\/wp\/v2\/comments?post=3980"}],"version-history":[{"count":1,"href":"https:\/\/elfaroonline.com.ar\/index.php\/wp-json\/wp\/v2\/posts\/3980\/revisions"}],"predecessor-version":[{"id":3982,"href":"https:\/\/elfaroonline.com.ar\/index.php\/wp-json\/wp\/v2\/posts\/3980\/revisions\/3982"}],"wp:featuredmedia":[{"embeddable":true,"href":"https:\/\/elfaroonline.com.ar\/index.php\/wp-json\/wp\/v2\/media\/3981"}],"wp:attachment":[{"href":"https:\/\/elfaroonline.com.ar\/index.php\/wp-json\/wp\/v2\/media?parent=3980"}],"wp:term":[{"taxonomy":"category","embeddable":true,"href":"https:\/\/elfaroonline.com.ar\/index.php\/wp-json\/wp\/v2\/categories?post=3980"},{"taxonomy":"post_tag","embeddable":true,"href":"https:\/\/elfaroonline.com.ar\/index.php\/wp-json\/wp\/v2\/tags?post=3980"}],"curies":[{"name":"wp","href":"https:\/\/api.w.org\/{rel}","templated":true}]}}