{"id":3983,"date":"2025-06-26T18:38:34","date_gmt":"2025-06-26T21:38:34","guid":{"rendered":"https:\/\/elfaroonline.com.ar\/?p=3983"},"modified":"2025-06-26T18:38:34","modified_gmt":"2025-06-26T21:38:34","slug":"modernizacion-equipa-al-predio-ferial-con-wifi-7","status":"publish","type":"post","link":"https:\/\/elfaroonline.com.ar\/index.php\/2025\/06\/26\/modernizacion-equipa-al-predio-ferial-con-wifi-7\/","title":{"rendered":"Modernizaci\u00f3n equipa al Predio Ferial con wifi 7"},"content":{"rendered":"<p class=\"v1MsoNormal\"><i><span lang=\"ES-MX\">Previendo la masiva convocatoria de la Fiesta mayor de los catamarque\u00f1os, el Gobierno provincial fortalece la conectividad para asegurar el pleno funcionamiento del comercio digital y de los servicios inform\u00e1ticos que demandar\u00e1 el evento.<\/span><\/i><\/p>\n<p class=\"v1MsoNormal\"><span lang=\"ES-MX\">Un equipo de trabajo de la Secretar\u00eda de Modernizaci\u00f3n perteneciente al Ministerio de Hacienda y Obra P\u00fablica trabaja en el refuerzo de los sistemas de conectividad para los distintos pabellones del Predio Ferial Catamarca, que se prepara para albergar la Fiesta Nacional e Internacional del Poncho en el mes de julio.<\/span><\/p>\n<p class=\"v1MsoNormal\"><span lang=\"ES-MX\">Seg\u00fan explic\u00f3 Exequiel Espeche, t\u00e9cnico a cargo de la cuadrilla que est\u00e1 instalando los nuevos aparatos de tecnolog\u00eda Wifi 7 &#8220;el Predio Ferial va a reforzar su conectividad con la \u00faltima tecnolog\u00eda que hemos incorporado y para eso ha resultado muy importante la obra de fibra \u00f3ptica ya realizada que conect\u00f3 estas instalaciones con el Data Center que funciona en la Secretar\u00eda de Modernizaci\u00f3n ubicada en el CAPE&#8221;. <\/span><\/p>\n<p class=\"v1MsoNormal\"><span lang=\"ES-MX\">Dicha obra fue realizada con el apoyo del \u00c1rea Inform\u00e1tica de EC Sapem y asegura mayor fluidez en el traspaso de datos, lo cual brindar\u00e1 mayor capacidad de navegaci\u00f3n, en especial para aparatos celulares de \u00faltima generaci\u00f3n, explic\u00f3 el t\u00e9cnico.<\/span><\/p>\n<p class=\"v1MsoNormal\"><span lang=\"ES-MX\">Un dato que resulta importante es que con la incorporaci\u00f3n del Wifi 7 &#8220;se complementa la red que ya estaba instalada y funcionando&#8221;, por lo cual no se trata de un reemplazo de una tecnolog\u00eda por otra sino del fortalecimiento del sistema general&#8221;. <\/span><\/p>\n<p class=\"v1MsoNormal\"><span lang=\"ES-MX\">En este caso, la inversi\u00f3n tecnol\u00f3gica que realiza el Gobierno de la provincia en la sede de la Fiesta Nacional del Poncho redunda en beneficios tangibles para los catamarque\u00f1os y para los visitantes. No obstante, la Secretar\u00eda de Modernizaci\u00f3n viene trabajando de manera sostenida y durante todo el a\u00f1o en diversos establecimientos p\u00fablicos para dotar de conectividad a los ciudadanos y a trabajadores. <\/span><\/p>\n<p class=\"v1MsoNormal\"><span lang=\"ES-MX\">Entre otras acciones destacadas, la Secretar\u00eda de Modernizaci\u00f3n mantiene y actualiza sistemas del Poder Ejecutivo Provincial (GDE, Compr.ar, Sarliq, Portal oficial, SAGE y muchos otros), desarrolla y pone en funcionamiento sistemas de uso ciudadano masivo como la aplicaci\u00f3n Mi Catamarca, el Sistema de Turnos, Boleto Estudiantil y el de la Caja de Cr\u00e9dito y Prestaciones; y desarrolla e implementa tableros de control, brinda soporte a reparticiones aut\u00e1rquicas, en cuanto a prestaciones de infraestructura tecnol\u00f3gica.<\/span><\/p>\n","protected":false},"excerpt":{"rendered":"<p>Previendo la masiva convocatoria de la Fiesta mayor de los catamarque\u00f1os, el Gobierno provincial fortalece la conectividad para asegurar el pleno funcionamiento del comercio digital y de los servicios inform\u00e1ticos que demandar\u00e1 el evento. Un equipo de trabajo de la Secretar\u00eda de Modernizaci\u00f3n perteneciente al Ministerio de Hacienda y Obra P\u00fablica trabaja en el refuerzo [&hellip;]<\/p>\n","protected":false},"author":2,"featured_media":3984,"comment_status":"open","ping_status":"open","sticky":false,"template":"","format":"standard","meta":{"footnotes":""},"categories":[20],"tags":[],"class_list":{"0":"post-3983","1":"post","2":"type-post","3":"status-publish","4":"format-standard","5":"has-post-thumbnail","7":"category-sociedad"},"aioseo_notices":[],"_links":{"self":[{"href":"https:\/\/elfaroonline.com.ar\/index.php\/wp-json\/wp\/v2\/posts\/3983","targetHints":{"allow":["GET"]}}],"collection":[{"href":"https:\/\/elfaroonline.com.ar\/index.php\/wp-json\/wp\/v2\/posts"}],"about":[{"href":"https:\/\/elfaroonline.com.ar\/index.php\/wp-json\/wp\/v2\/types\/post"}],"author":[{"embeddable":true,"href":"https:\/\/elfaroonline.com.ar\/index.php\/wp-json\/wp\/v2\/users\/2"}],"replies":[{"embeddable":true,"href":"https:\/\/elfaroonline.com.ar\/index.php\/wp-json\/wp\/v2\/comments?post=3983"}],"version-history":[{"count":1,"href":"https:\/\/elfaroonline.com.ar\/index.php\/wp-json\/wp\/v2\/posts\/3983\/revisions"}],"predecessor-version":[{"id":3985,"href":"https:\/\/elfaroonline.com.ar\/index.php\/wp-json\/wp\/v2\/posts\/3983\/revisions\/3985"}],"wp:featuredmedia":[{"embeddable":true,"href":"https:\/\/elfaroonline.com.ar\/index.php\/wp-json\/wp\/v2\/media\/3984"}],"wp:attachment":[{"href":"https:\/\/elfaroonline.com.ar\/index.php\/wp-json\/wp\/v2\/media?parent=3983"}],"wp:term":[{"taxonomy":"category","embeddable":true,"href":"https:\/\/elfaroonline.com.ar\/index.php\/wp-json\/wp\/v2\/categories?post=3983"},{"taxonomy":"post_tag","embeddable":true,"href":"https:\/\/elfaroonline.com.ar\/index.php\/wp-json\/wp\/v2\/tags?post=3983"}],"curies":[{"name":"wp","href":"https:\/\/api.w.org\/{rel}","templated":true}]}}