{"id":3986,"date":"2025-06-26T18:38:57","date_gmt":"2025-06-26T21:38:57","guid":{"rendered":"https:\/\/elfaroonline.com.ar\/?p=3986"},"modified":"2025-06-26T18:38:57","modified_gmt":"2025-06-26T21:38:57","slug":"el-gobernador-y-posco-confirmaron-aporte-de-la-empresa-para-la-ruta-43","status":"publish","type":"post","link":"https:\/\/elfaroonline.com.ar\/index.php\/2025\/06\/26\/el-gobernador-y-posco-confirmaron-aporte-de-la-empresa-para-la-ruta-43\/","title":{"rendered":"El Gobernador y POSCO confirmaron aporte de la empresa para la Ruta 43"},"content":{"rendered":"<p class=\"v1MsoNormal\">El gobernador Ra\u00fal Jalil recibi\u00f3 en Casa de Gobierno al presidente de POSCO Argentina, Park Hyeon, con quien dialog\u00f3 sobre el avance del proyecto minero que la empresa lleva adelante en la Puna catamarque\u00f1a, entre otras tem\u00e1ticas.<\/p>\n<p class=\"v1MsoNormal\">En el encuentro, donde tambi\u00e9n participaron autoridades del Ministerio de Miner\u00eda y CAMYEN, el mandatario y el titular de POSCO abordaron los pr\u00f3ximos pasos del proyecto y desde la empresa destacaron que actualmente la mano de obra asciende a cerca de 1.000 catamarque\u00f1os trabajando de manera directa e indirecta en este desarrollo minero.<\/p>\n<p class=\"v1MsoNormal\">Desde el Ejecutivo provincial se inform\u00f3 sobre el avance de la pavimentaci\u00f3n de Ruta Provincial N\u00b043, una obra clave para mejorar la conectividad en la puna antofagaste\u00f1a, la cual se espera que para septiembre pr\u00f3ximo tenga pavimentado 17 de los 60 kil\u00f3metros previstos en la primera etapa. En este marco, POSCO confirm\u00f3 el aporte para la obra de la ruta que es una infraestructura vital para el desarrollo de la regi\u00f3n.<\/p>\n<p class=\"v1MsoNormal\">Por otra parte, se adelant\u00f3 que hoy habr\u00e1 una reuni\u00f3n con proveedores catamarque\u00f1os del sector minero, con el objetivo de fortalecer el v\u00ednculo comercial y promover la compra local.<\/p>\n<p class=\"v1MsoNormal\">Por \u00faltimo, desde CAMYEN informaron que la empresa estatal cuenta con tierras disponibles para que la empresa eval\u00fae nuevas posibilidades de exploraci\u00f3n e inversi\u00f3n en Catamarca.<\/p>\n<p class=\"v1MsoNormal\">Acompa\u00f1aron la reuni\u00f3n los ministros Marcelo Mur\u00faa (Miner\u00eda), Juan Marchetti (Hacienda y Obras P\u00fablicas), Fernando Monguillot (Gobierno, Seguridad y Justicia), la asesora General de Gobierno, Mara Murua, y el presidente de CAMYEN, Hugo Moya.<\/p>\n","protected":false},"excerpt":{"rendered":"<p>El gobernador Ra\u00fal Jalil recibi\u00f3 en Casa de Gobierno al presidente de POSCO Argentina, Park Hyeon, con quien dialog\u00f3 sobre el avance del proyecto minero que la empresa lleva adelante en la Puna catamarque\u00f1a, entre otras tem\u00e1ticas. En el encuentro, donde tambi\u00e9n participaron autoridades del Ministerio de Miner\u00eda y CAMYEN, el mandatario y el titular [&hellip;]<\/p>\n","protected":false},"author":2,"featured_media":3987,"comment_status":"open","ping_status":"open","sticky":false,"template":"","format":"standard","meta":{"footnotes":""},"categories":[21],"tags":[],"class_list":{"0":"post-3986","1":"post","2":"type-post","3":"status-publish","4":"format-standard","5":"has-post-thumbnail","7":"category-politica"},"aioseo_notices":[],"_links":{"self":[{"href":"https:\/\/elfaroonline.com.ar\/index.php\/wp-json\/wp\/v2\/posts\/3986","targetHints":{"allow":["GET"]}}],"collection":[{"href":"https:\/\/elfaroonline.com.ar\/index.php\/wp-json\/wp\/v2\/posts"}],"about":[{"href":"https:\/\/elfaroonline.com.ar\/index.php\/wp-json\/wp\/v2\/types\/post"}],"author":[{"embeddable":true,"href":"https:\/\/elfaroonline.com.ar\/index.php\/wp-json\/wp\/v2\/users\/2"}],"replies":[{"embeddable":true,"href":"https:\/\/elfaroonline.com.ar\/index.php\/wp-json\/wp\/v2\/comments?post=3986"}],"version-history":[{"count":2,"href":"https:\/\/elfaroonline.com.ar\/index.php\/wp-json\/wp\/v2\/posts\/3986\/revisions"}],"predecessor-version":[{"id":4015,"href":"https:\/\/elfaroonline.com.ar\/index.php\/wp-json\/wp\/v2\/posts\/3986\/revisions\/4015"}],"wp:featuredmedia":[{"embeddable":true,"href":"https:\/\/elfaroonline.com.ar\/index.php\/wp-json\/wp\/v2\/media\/3987"}],"wp:attachment":[{"href":"https:\/\/elfaroonline.com.ar\/index.php\/wp-json\/wp\/v2\/media?parent=3986"}],"wp:term":[{"taxonomy":"category","embeddable":true,"href":"https:\/\/elfaroonline.com.ar\/index.php\/wp-json\/wp\/v2\/categories?post=3986"},{"taxonomy":"post_tag","embeddable":true,"href":"https:\/\/elfaroonline.com.ar\/index.php\/wp-json\/wp\/v2\/tags?post=3986"}],"curies":[{"name":"wp","href":"https:\/\/api.w.org\/{rel}","templated":true}]}}