{"id":3995,"date":"2025-06-26T18:40:05","date_gmt":"2025-06-26T21:40:05","guid":{"rendered":"https:\/\/elfaroonline.com.ar\/?p=3995"},"modified":"2025-06-26T18:40:05","modified_gmt":"2025-06-26T21:40:05","slug":"marcaton-banco-nacion-emitio-mas-de-15-000-nuevas-tarjetas-de-credito-en-catamarca","status":"publish","type":"post","link":"https:\/\/elfaroonline.com.ar\/index.php\/2025\/06\/26\/marcaton-banco-nacion-emitio-mas-de-15-000-nuevas-tarjetas-de-credito-en-catamarca\/","title":{"rendered":"Marcat\u00f3n: Banco Naci\u00f3n emiti\u00f3 m\u00e1s de 15.000 nuevas tarjetas de cr\u00e9dito en Catamarca"},"content":{"rendered":"<p class=\"v1MsoNormal\">Miles de catamarque\u00f1os ya disfrutan desde los primeros d\u00edas de junio de la promoci\u00f3n de descuentos Marcat\u00f3n, que impulsa el Gobierno provincial junto al Banco Naci\u00f3n y la Uni\u00f3n Comercial de Catamarca.<\/p>\n<p class=\"v1MsoNormal\">La nueva modalidad de la promoci\u00f3n requiere la utilizaci\u00f3n de las tarjetas de cr\u00e9dito del Banco Naci\u00f3n, es por ello que la entidad financiera nacional inform\u00f3 que &#8220;se ha realizado un embozado masivo de tarjetas de cr\u00e9dito Mastercard Digital para beneficiarios de la provincia de Catamarca, alcanzando un total de m\u00e1s de 15.000 tarjetas emitidas&#8221;.<\/p>\n<p class=\"v1MsoNormal\">En total, se emitieron 15.830 tarjetas Mastercard Digital para beneficiarios de toda la provincia, acci\u00f3n que permitir\u00e1 que m\u00e1s usuarios puedan sumarse r\u00e1pidamente a los programas de beneficios vigentes, accediendo a promociones activas en comercios adheridos y a futuras iniciativas conjuntas.<\/p>\n<p class=\"v1MsoNormal\">Es importante mencionar que la habilitaci\u00f3n del pl\u00e1stico digital requiere que el usuario acepte los t\u00e9rminos y condiciones que se notifican directamente en la app BNA+.<\/p>\n<p>Para conocer todos los descuentos que ofrece el Marcat\u00f3n en los distintos rubros pod\u00e9s ingresar a: <a href=\"https:\/\/marcaton.catamarca.gob.ar\/\" target=\"_blank\" rel=\"noopener noreferrer\">https:\/\/marcaton.catamarca.gob.ar\/<\/a><\/p>\n","protected":false},"excerpt":{"rendered":"<p>Miles de catamarque\u00f1os ya disfrutan desde los primeros d\u00edas de junio de la promoci\u00f3n de descuentos Marcat\u00f3n, que impulsa el Gobierno provincial junto al Banco Naci\u00f3n y la Uni\u00f3n Comercial de Catamarca. La nueva modalidad de la promoci\u00f3n requiere la utilizaci\u00f3n de las tarjetas de cr\u00e9dito del Banco Naci\u00f3n, es por ello que la entidad [&hellip;]<\/p>\n","protected":false},"author":2,"featured_media":3996,"comment_status":"open","ping_status":"open","sticky":false,"template":"","format":"standard","meta":{"footnotes":""},"categories":[20],"tags":[],"class_list":{"0":"post-3995","1":"post","2":"type-post","3":"status-publish","4":"format-standard","5":"has-post-thumbnail","7":"category-sociedad"},"aioseo_notices":[],"_links":{"self":[{"href":"https:\/\/elfaroonline.com.ar\/index.php\/wp-json\/wp\/v2\/posts\/3995","targetHints":{"allow":["GET"]}}],"collection":[{"href":"https:\/\/elfaroonline.com.ar\/index.php\/wp-json\/wp\/v2\/posts"}],"about":[{"href":"https:\/\/elfaroonline.com.ar\/index.php\/wp-json\/wp\/v2\/types\/post"}],"author":[{"embeddable":true,"href":"https:\/\/elfaroonline.com.ar\/index.php\/wp-json\/wp\/v2\/users\/2"}],"replies":[{"embeddable":true,"href":"https:\/\/elfaroonline.com.ar\/index.php\/wp-json\/wp\/v2\/comments?post=3995"}],"version-history":[{"count":1,"href":"https:\/\/elfaroonline.com.ar\/index.php\/wp-json\/wp\/v2\/posts\/3995\/revisions"}],"predecessor-version":[{"id":3997,"href":"https:\/\/elfaroonline.com.ar\/index.php\/wp-json\/wp\/v2\/posts\/3995\/revisions\/3997"}],"wp:featuredmedia":[{"embeddable":true,"href":"https:\/\/elfaroonline.com.ar\/index.php\/wp-json\/wp\/v2\/media\/3996"}],"wp:attachment":[{"href":"https:\/\/elfaroonline.com.ar\/index.php\/wp-json\/wp\/v2\/media?parent=3995"}],"wp:term":[{"taxonomy":"category","embeddable":true,"href":"https:\/\/elfaroonline.com.ar\/index.php\/wp-json\/wp\/v2\/categories?post=3995"},{"taxonomy":"post_tag","embeddable":true,"href":"https:\/\/elfaroonline.com.ar\/index.php\/wp-json\/wp\/v2\/tags?post=3995"}],"curies":[{"name":"wp","href":"https:\/\/api.w.org\/{rel}","templated":true}]}}