{"id":4012,"date":"2025-06-26T18:42:11","date_gmt":"2025-06-26T21:42:11","guid":{"rendered":"https:\/\/elfaroonline.com.ar\/?p=4012"},"modified":"2025-06-26T18:42:11","modified_gmt":"2025-06-26T21:42:11","slug":"norte-grande-y-litoral-proponen-una-tarifa-diferencial-electrica-para-ambas-regiones","status":"publish","type":"post","link":"https:\/\/elfaroonline.com.ar\/index.php\/2025\/06\/26\/norte-grande-y-litoral-proponen-una-tarifa-diferencial-electrica-para-ambas-regiones\/","title":{"rendered":"Norte Grande y Litoral proponen una tarifa diferencial el\u00e9ctrica para ambas regiones"},"content":{"rendered":"<p class=\"p1\"><span class=\"s1\">Ambas regiones proponemos una legislaci\u00f3n que permita establecer una tarifa diferencial el\u00e9ctrica para las zonas c\u00e1lidas <\/span>y muy c\u00e1lidas.<\/p>\n<p class=\"p1\"><span class=\"s1\">El proyecto establece compensar las asimetr\u00edas en el costo de energ\u00eda el\u00e9ctrica en provincias y localidades de zonas bio- ambientales c\u00e1lidas y muy c\u00e1lidas, las que incluyen las provincias de Catamarca, Chaco, Corrientes, Entre R\u00edos, Formosa, Misiones, Jujuy, La Rioja, Salta, Santiago del Estero, Tucum\u00e1n y algunos departamentos de las provincias de C\u00f3rdoba y Santa F\u00e9, conforme una clasificaci\u00f3n t\u00e9cnica cient\u00edfica de norma IRAM 11603\/12.<\/span><\/p>\n<p class=\"p1\"><span class=\"s1\">Asimismo, tiene como objetivo el financiamiento de la reducci\u00f3n de los precios diferenciales de la energ\u00eda, potencia y transporte, durante los meses de diciembre, enero, febrero y marzo de cada a\u00f1o.<\/span><\/p>\n<p class=\"p1\"><span class=\"s1\">Planteamos una cuesti\u00f3n de equidad e igualdad, <\/span>redistribuyendo recursos, sin alterar el equilibrio fiscal ni generar nuevos impuestos, teniendo como beneficiarios a los usuarios residenciales y manteniendo la autonom\u00eda de las provincias en el resultado que pueda dar la Ley.<\/p>\n<p class=\"p1\"><span class=\"s1\">Las 13 provincias vamos a presentar, en los pr\u00f3ximos d\u00edas, un proyecto de ley de com\u00fan acuerdo, que proponga una tarifa diferencial el\u00e9ctrica para ambas regiones, para que sea tratado <\/span>en el Congreso, quedando abiertos al di\u00e1logo con Naci\u00f3n.<\/p>\n","protected":false},"excerpt":{"rendered":"<p>Ambas regiones proponemos una legislaci\u00f3n que permita establecer una tarifa diferencial el\u00e9ctrica para las zonas c\u00e1lidas y muy c\u00e1lidas. El proyecto establece compensar las asimetr\u00edas en el costo de energ\u00eda el\u00e9ctrica en provincias y localidades de zonas bio- ambientales c\u00e1lidas y muy c\u00e1lidas, las que incluyen las provincias de Catamarca, Chaco, Corrientes, Entre R\u00edos, Formosa, [&hellip;]<\/p>\n","protected":false},"author":2,"featured_media":4013,"comment_status":"open","ping_status":"open","sticky":false,"template":"","format":"standard","meta":{"footnotes":""},"categories":[22,21],"tags":[],"class_list":{"0":"post-4012","1":"post","2":"type-post","3":"status-publish","4":"format-standard","5":"has-post-thumbnail","7":"category-nacionales","8":"category-politica"},"aioseo_notices":[],"_links":{"self":[{"href":"https:\/\/elfaroonline.com.ar\/index.php\/wp-json\/wp\/v2\/posts\/4012","targetHints":{"allow":["GET"]}}],"collection":[{"href":"https:\/\/elfaroonline.com.ar\/index.php\/wp-json\/wp\/v2\/posts"}],"about":[{"href":"https:\/\/elfaroonline.com.ar\/index.php\/wp-json\/wp\/v2\/types\/post"}],"author":[{"embeddable":true,"href":"https:\/\/elfaroonline.com.ar\/index.php\/wp-json\/wp\/v2\/users\/2"}],"replies":[{"embeddable":true,"href":"https:\/\/elfaroonline.com.ar\/index.php\/wp-json\/wp\/v2\/comments?post=4012"}],"version-history":[{"count":1,"href":"https:\/\/elfaroonline.com.ar\/index.php\/wp-json\/wp\/v2\/posts\/4012\/revisions"}],"predecessor-version":[{"id":4014,"href":"https:\/\/elfaroonline.com.ar\/index.php\/wp-json\/wp\/v2\/posts\/4012\/revisions\/4014"}],"wp:featuredmedia":[{"embeddable":true,"href":"https:\/\/elfaroonline.com.ar\/index.php\/wp-json\/wp\/v2\/media\/4013"}],"wp:attachment":[{"href":"https:\/\/elfaroonline.com.ar\/index.php\/wp-json\/wp\/v2\/media?parent=4012"}],"wp:term":[{"taxonomy":"category","embeddable":true,"href":"https:\/\/elfaroonline.com.ar\/index.php\/wp-json\/wp\/v2\/categories?post=4012"},{"taxonomy":"post_tag","embeddable":true,"href":"https:\/\/elfaroonline.com.ar\/index.php\/wp-json\/wp\/v2\/tags?post=4012"}],"curies":[{"name":"wp","href":"https:\/\/api.w.org\/{rel}","templated":true}]}}