{"id":4019,"date":"2025-06-26T18:50:03","date_gmt":"2025-06-26T21:50:03","guid":{"rendered":"https:\/\/elfaroonline.com.ar\/?p=4019"},"modified":"2025-06-26T18:50:03","modified_gmt":"2025-06-26T21:50:03","slug":"golpe-de-boca-juniors-en-el-mercado-de-pases-leandro-paredes-acepto-la-propuesta-y-volvera-al-club","status":"publish","type":"post","link":"https:\/\/elfaroonline.com.ar\/index.php\/2025\/06\/26\/golpe-de-boca-juniors-en-el-mercado-de-pases-leandro-paredes-acepto-la-propuesta-y-volvera-al-club\/","title":{"rendered":"Golpe de Boca Juniors en el mercado de pases: Leandro Paredes acept\u00f3 la propuesta y volver\u00e1 al club"},"content":{"rendered":"<p><b>Leandro Paredes<\/b> acept\u00f3 la propuesta de <b>Boca Juniors<\/b> y volver\u00e1 a ponerse la camiseta azul y oro despu\u00e9s de once a\u00f1os. Tras sus vacaciones en Estados Unidos y la participaci\u00f3n del <i>Xeneize <\/i>en el Mundial, de Clubes, el campe\u00f3n del mundo acept\u00f3 la oferta que le hizo <b>Juan Rom\u00e1n Riquelme <\/b>y en las pr\u00f3ximas horas ejecutar\u00e1 su cl\u00e1usula de salida con la Roma para cumplir el sue\u00f1o de jugar en la Ribera otra vez.<\/p>\n<p>Una fuente importante del club le confi\u00f3 a Infobae que Paredes ya le dio el OK a Riquelme por las condiciones del contrato. El Consejo de F\u00fatbol mejor\u00f3 la propuesta que le hab\u00eda hecho en el mercado pasado y equipar\u00f3 los n\u00fameros con los que percib\u00eda en Italia. Adem\u00e1s, se har\u00e1 cargo de los <b>3,5 millones de euros<\/b> correspondientes a la cl\u00e1usula de rescisi\u00f3n autom\u00e1tica que el futbolista hab\u00eda fijado en su contrato con la Roma en su \u00faltima renovaci\u00f3n. El mediocampista de la selecci\u00f3n argentina superar\u00e1 a Edinson Cavani como el mejor pago del plantel <i>xeneize<\/i>.<\/p>\n<p>El plantel dirigido por <b>Miguel \u00c1ngel Russo<\/b> volver\u00e1 a los entrenamientos en el Boca Predio el pr\u00f3ximo martes <b>1\u00b0 de julio<\/b>, aunque no es probable que Paredes acuda a ese retorno al trabajo ya que <b>la idea es presentarlo en la Bombonera con las puertas abiertas para el p\u00fablico.<\/b> El volante que cumplir\u00e1 31 a\u00f1os este domingo disput\u00f3 su \u00faltimo encuentro oficial con la Selecci\u00f3n el pasado 10 de junio, en el empate 1-1 contra Colombia por Eliminatorias Sudamericanas en el Monumental.<\/p>\n<p>El plan del cuerpo t\u00e9cnico es que realice un reacondicionamiento f\u00edsico para ponerse a la par del plantel y as\u00ed usarlo cuanto antes, teniendo en cuenta que el resto de los jugadores disput\u00f3 partidos o se entren\u00f3 en Estados Unidos. <b>Desde la Ribera se comunicar\u00e1n con la AFA para pedir la postergaci\u00f3n del primer compromiso en el Torneo Clausura contra Argentinos Juniors <\/b>en La Paternal, que seg\u00fan las fechas del calendario est\u00e1 pactado para el fin de semana del domingo 13 de julio. La excepci\u00f3n se pedir\u00e1 por el tard\u00edo descanso tras el Mundial de Clubes.<\/p>\n","protected":false},"excerpt":{"rendered":"<p>Leandro Paredes acept\u00f3 la propuesta de Boca Juniors y volver\u00e1 a ponerse la camiseta azul y oro despu\u00e9s de once a\u00f1os. Tras sus vacaciones en Estados Unidos y la participaci\u00f3n del Xeneize en el Mundial, de Clubes, el campe\u00f3n del mundo acept\u00f3 la oferta que le hizo Juan Rom\u00e1n Riquelme y en las pr\u00f3ximas horas [&hellip;]<\/p>\n","protected":false},"author":2,"featured_media":4020,"comment_status":"open","ping_status":"open","sticky":false,"template":"","format":"standard","meta":{"footnotes":""},"categories":[25],"tags":[],"class_list":{"0":"post-4019","1":"post","2":"type-post","3":"status-publish","4":"format-standard","5":"has-post-thumbnail","7":"category-deportes"},"aioseo_notices":[],"_links":{"self":[{"href":"https:\/\/elfaroonline.com.ar\/index.php\/wp-json\/wp\/v2\/posts\/4019","targetHints":{"allow":["GET"]}}],"collection":[{"href":"https:\/\/elfaroonline.com.ar\/index.php\/wp-json\/wp\/v2\/posts"}],"about":[{"href":"https:\/\/elfaroonline.com.ar\/index.php\/wp-json\/wp\/v2\/types\/post"}],"author":[{"embeddable":true,"href":"https:\/\/elfaroonline.com.ar\/index.php\/wp-json\/wp\/v2\/users\/2"}],"replies":[{"embeddable":true,"href":"https:\/\/elfaroonline.com.ar\/index.php\/wp-json\/wp\/v2\/comments?post=4019"}],"version-history":[{"count":1,"href":"https:\/\/elfaroonline.com.ar\/index.php\/wp-json\/wp\/v2\/posts\/4019\/revisions"}],"predecessor-version":[{"id":4021,"href":"https:\/\/elfaroonline.com.ar\/index.php\/wp-json\/wp\/v2\/posts\/4019\/revisions\/4021"}],"wp:featuredmedia":[{"embeddable":true,"href":"https:\/\/elfaroonline.com.ar\/index.php\/wp-json\/wp\/v2\/media\/4020"}],"wp:attachment":[{"href":"https:\/\/elfaroonline.com.ar\/index.php\/wp-json\/wp\/v2\/media?parent=4019"}],"wp:term":[{"taxonomy":"category","embeddable":true,"href":"https:\/\/elfaroonline.com.ar\/index.php\/wp-json\/wp\/v2\/categories?post=4019"},{"taxonomy":"post_tag","embeddable":true,"href":"https:\/\/elfaroonline.com.ar\/index.php\/wp-json\/wp\/v2\/tags?post=4019"}],"curies":[{"name":"wp","href":"https:\/\/api.w.org\/{rel}","templated":true}]}}