{"id":4022,"date":"2025-06-26T18:53:42","date_gmt":"2025-06-26T21:53:42","guid":{"rendered":"https:\/\/elfaroonline.com.ar\/?p=4022"},"modified":"2025-06-26T19:00:14","modified_gmt":"2025-06-26T22:00:14","slug":"colapinto-dio-detalles-del-viaje-en-avion-privado-con-hamilton-fue-el-mejor-vuelo-que-tuve-en-mi-vida","status":"publish","type":"post","link":"https:\/\/elfaroonline.com.ar\/index.php\/2025\/06\/26\/colapinto-dio-detalles-del-viaje-en-avion-privado-con-hamilton-fue-el-mejor-vuelo-que-tuve-en-mi-vida\/","title":{"rendered":"Colapinto dio detalles del viaje en avi\u00f3n privado con Hamilton: \u201cFue el mejor vuelo que tuve en mi vida\u201d"},"content":{"rendered":"<p>El piloto argentino de Alpine cont\u00f3 c\u00f3mo se dio la invitaci\u00f3n de la leyenda de la F\u00f3rmula 1. La broma que le abri\u00f3 la puerta de la aeronave.<\/p>\n<p><b>El piloto argentino confirm\u00f3 que viaj\u00f3 en avi\u00f3n privado con el siete veces campe\u00f3n de la categor\u00eda<\/b> y expres\u00f3 su gratitud con el corredor brit\u00e1nico, quien es uno de sus m\u00e1ximos \u00eddolos en el automovilismo.<\/p>\n<p>\u201c<b>Fue el mejor vuelo que tuve en mi vida. Hubiera pagado todo lo que ten\u00eda para tener un vuelo con \u00e9l. Muy buena onda, fue un vuelo \u00fanico. Hablamos mucho. \u00c9l ten\u00eda su cama preparada ah\u00ed atr\u00e1s<\/b>\u201d, coment\u00f3 el joven de 22 a\u00f1os, en di\u00e1logo con el periodista <i>Juan Fossaroli<\/i>, de <i>ESPN<\/i>. Adem\u00e1s, el pilarense confirm\u00f3 que dicho viaje <b>se llev\u00f3 a cabo despu\u00e9s del Gran Premio de Espa\u00f1a,<\/b>el cual se realiz\u00f3 en el <i>Circuito de Barcelona-Catalu\u00f1a<\/i>.<\/p>\n<p>Incluso, el argentino brind\u00f3 detalles del viaje y c\u00f3mo se dio la invitaci\u00f3n por parte de Hamilton. \u201c<b>\u00c9l pregunt\u00f3 en el grupo de WhatsApp si hab\u00eda alguien que iba para Londres<\/b>. Si hab\u00eda alg\u00fan piloto para viajar con \u00e9l y no tener que alquilar un avi\u00f3n para \u00e9l solo. <b>Y como nadie le respondi\u00f3, le respond\u00ed \u2018yo me voy a Londres, pero voy en EasyJet (vuelo de una aerol\u00ednea de bajo costo) en la fila del ba\u00f1o\u2019.<\/b> Se re\u00eda y me mand\u00f3 por privado que fuera con \u00e9l. \u00c9ramos tres, estaba tambi\u00e9n el m\u00e1nager (<b>Marc Hynes<\/b>)\u201d, revel\u00f3.<\/p>\n<p class=\"paragraph\" data-mrf-recirculation=\"Links inline\">En esta misma l\u00ednea, Colapinto se mostr\u00f3 notablemente emocionado por la oportunidad que se le present\u00f3: \u201c<b>La pas\u00e9 muy, muy bien. Me cont\u00f3 muchas historias, lo disfrut\u00e9 mucho. Fue un vuelo muy especial, muy \u00fanico, y ya saben que \u00e9l es mi \u00eddolo desde que era muy chico<\/b>. Para m\u00ed, que haya podido volar con \u00e9l y que me haya abierto las puertas, fue muy especial\u201d.<\/p>\n<p class=\"paragraph\" data-mrf-recirculation=\"Links inline\">Por su parte, brome\u00f3 sobre el viaje en s\u00ed, ya que nunca hab\u00eda tenido la oportunidad de hacerlo en un vuelo privado. \u201c<b>Adem\u00e1s, fue una de las primeras veces que vuelo en avi\u00f3n privado y, encima, con Hamilton. Fue impresionante<\/b>\u201d, asegur\u00f3 entre risas.<\/p>\n<p data-mrf-recirculation=\"Links inline\">\u201cLo disfrut\u00e9 un mont\u00f3n, aprend\u00ed mucho. <b>Es un vuelo que va a quedar ah\u00ed en mi memoria, porque realmente fue un sue\u00f1o. Es muy buena persona, adem\u00e1s. Una cosa es lo que ves y otra persona es la que conoc\u00e9s fuera de las pistas<\/b>. Muy feliz de haber tenido ese vuelo. Y las cosas que me cont\u00f3 son impresionantes, alg\u00fan d\u00eda las contar\u00e9\u201d, complet\u00f3 el argentino.<\/p>\n","protected":false},"excerpt":{"rendered":"<p>El piloto argentino de Alpine cont\u00f3 c\u00f3mo se dio la invitaci\u00f3n de la leyenda de la F\u00f3rmula 1. La broma que le abri\u00f3 la puerta de la aeronave. El piloto argentino confirm\u00f3 que viaj\u00f3 en avi\u00f3n privado con el siete veces campe\u00f3n de la categor\u00eda y expres\u00f3 su gratitud con el corredor brit\u00e1nico, quien es [&hellip;]<\/p>\n","protected":false},"author":2,"featured_media":4027,"comment_status":"open","ping_status":"open","sticky":false,"template":"","format":"standard","meta":{"footnotes":""},"categories":[25],"tags":[],"class_list":{"0":"post-4022","1":"post","2":"type-post","3":"status-publish","4":"format-standard","5":"has-post-thumbnail","7":"category-deportes"},"aioseo_notices":[],"_links":{"self":[{"href":"https:\/\/elfaroonline.com.ar\/index.php\/wp-json\/wp\/v2\/posts\/4022","targetHints":{"allow":["GET"]}}],"collection":[{"href":"https:\/\/elfaroonline.com.ar\/index.php\/wp-json\/wp\/v2\/posts"}],"about":[{"href":"https:\/\/elfaroonline.com.ar\/index.php\/wp-json\/wp\/v2\/types\/post"}],"author":[{"embeddable":true,"href":"https:\/\/elfaroonline.com.ar\/index.php\/wp-json\/wp\/v2\/users\/2"}],"replies":[{"embeddable":true,"href":"https:\/\/elfaroonline.com.ar\/index.php\/wp-json\/wp\/v2\/comments?post=4022"}],"version-history":[{"count":1,"href":"https:\/\/elfaroonline.com.ar\/index.php\/wp-json\/wp\/v2\/posts\/4022\/revisions"}],"predecessor-version":[{"id":4023,"href":"https:\/\/elfaroonline.com.ar\/index.php\/wp-json\/wp\/v2\/posts\/4022\/revisions\/4023"}],"wp:featuredmedia":[{"embeddable":true,"href":"https:\/\/elfaroonline.com.ar\/index.php\/wp-json\/wp\/v2\/media\/4027"}],"wp:attachment":[{"href":"https:\/\/elfaroonline.com.ar\/index.php\/wp-json\/wp\/v2\/media?parent=4022"}],"wp:term":[{"taxonomy":"category","embeddable":true,"href":"https:\/\/elfaroonline.com.ar\/index.php\/wp-json\/wp\/v2\/categories?post=4022"},{"taxonomy":"post_tag","embeddable":true,"href":"https:\/\/elfaroonline.com.ar\/index.php\/wp-json\/wp\/v2\/tags?post=4022"}],"curies":[{"name":"wp","href":"https:\/\/api.w.org\/{rel}","templated":true}]}}