{"id":4024,"date":"2025-06-26T18:59:43","date_gmt":"2025-06-26T21:59:43","guid":{"rendered":"https:\/\/elfaroonline.com.ar\/?p=4024"},"modified":"2025-06-26T18:59:43","modified_gmt":"2025-06-26T21:59:43","slug":"cristiano-ronaldo-puso-fin-a-las-especulaciones-y-anuncio-que-continuara-en-el-futbol-de-arabia-saudita","status":"publish","type":"post","link":"https:\/\/elfaroonline.com.ar\/index.php\/2025\/06\/26\/cristiano-ronaldo-puso-fin-a-las-especulaciones-y-anuncio-que-continuara-en-el-futbol-de-arabia-saudita\/","title":{"rendered":"Cristiano Ronaldo puso fin a las especulaciones y anunci\u00f3 que continuar\u00e1 en el f\u00fatbol de Arabia Saudita"},"content":{"rendered":"<p><b>Cristiano Ronaldo<\/b> continuar\u00e1 su carrera en Arabia Saudita tras<b> firmar la renovaci\u00f3n de su contrato con el Al Nassr<\/b>. El delantero portugu\u00e9s, que lleg\u00f3 al club de la capital saud\u00ed en enero de 2023 procedente del Manchester United, <b>extendi\u00f3 su compromiso por dos temporadas m\u00e1s<\/b>, con lo que seguir\u00e1 vinculado al equipo hasta <b>2027<\/b>. De esta forma, <b>cumplir\u00e1 al menos 42 a\u00f1os como jugador profesional <\/b>y prolongar\u00e1 su presencia en una liga que lo erigi\u00f3 nuevamente como figura central.<\/p>\n<p>El propio club, a trav\u00e9s de sus canales oficiales, puso fin a las dudas con <b>un video <\/b>y <b>una declaraci\u00f3n <\/b>breve y contundente del portugu\u00e9s: <b>\u201cAl Nassr forever!\u201d<\/b>. Junto a esa frase, Ronaldo comparti\u00f3 una imagen con la camiseta auriazul y otro mensaje dirigido a los aficionados: <b>\u201cComienza un nuevo cap\u00edtulo. Misma pasi\u00f3n, mismo sue\u00f1o. Hagamos historia juntos\u201d.<\/b> As\u00ed, se concret\u00f3 la renovaci\u00f3n que supon\u00eda, seg\u00fan fuentes internas, \u201cun secreto a voces\u201d tras la ausencia del jugador en el \u00faltimo Mundial de Clubes.<\/p>\n<p>Durante las negociaciones participaron miembros de la directiva de Al Nassr. La ampliaci\u00f3n del contrato se produjo poco despu\u00e9s de la salida del t\u00e9cnico italiano <b>Stefano Pioli<\/b>, con quien circularon versiones de una mala relaci\u00f3n debido a diversas sustituciones y a la falta de convocatorias. Sin embargo, el entorno del club desminti\u00f3 esos rumores y, en redes sociales, el propio Ronaldo tuvo un gesto hacia el ahora ex entrenador: <b>\u201cGrazie per tutti!\u201d<\/b> (\u201c\u00a1Gracias por todo!\u201d).<\/p>\n<p class=\"paragraph\" data-mrf-recirculation=\"Links inline\">En el plano deportivo, la cifra de goles de Cristiano Ronaldo esta temporada vuelve a colocarlo en el centro de la escena. Alcanz\u00f3 los <b>25 tantos como m\u00e1ximo goleador de la Liga Saud\u00ed<\/b> y sum\u00f3 <b>35 contando todas las competiciones<\/b>. A horas de cumplir 40 a\u00f1os, el delantero de Madeira acumula<b>938 goles en su carrera profesional.<\/b> El objetivo de superar el umbral de los 1000 goles se mantiene vigente, y todas las se\u00f1ales indican que buscar\u00e1 ese r\u00e9cord con la camiseta de Al Nassr.<\/p>\n<div class=\"news-module\" data-mrf-recirculation=\"IL_wPVu_IE4S76a5Gsl0lX8mA\" data-testid=\"text-html\" data-mrf-experience=\"IL_wPVu_IE4S76a5Gsl0lX8mA\">\n<div class=\"recommended-card__info\">\n<p class=\"paragraph\" data-mrf-recirculation=\"Links inline\">Tambi\u00e9n persiste su ambici\u00f3n con la selecci\u00f3n de Portugal: el Mundial 2026 permanece como una de sus \u00faltimas grandes metas a nivel de selecciones. <b>\u201cEl Mundial 2026 sigue siendo una prioridad\u201d<\/b>, reconoci\u00f3 su entorno m\u00e1s cercano en distintas oportunidades, subrayando la vigencia de Ronaldo en el plano internacional.<\/p>\n<p class=\"paragraph\" data-mrf-recirculation=\"Links inline\">El presidente ejecutivo del club de Riad, <b>Majed Aljamaan<\/b>, ya hab\u00eda anticipado novedades sobre el futuro del \u201c7\u201d. La situaci\u00f3n deportiva, marcada por la eliminaci\u00f3n continental y la falta de acceso al pr\u00f3ximo Mundial de Clubes, sumada al inter\u00e9s de varios equipos internacionales, complic\u00f3 la resoluci\u00f3n de la continuidad. Entre los posibles destinos que circularon en los medios se cont\u00f3 el <b>Al Hilal, Raja Casablanca, Monterrey<\/b> y, de manera remota, un regreso al <b>Real Madrid<\/b>. Ninguna opci\u00f3n prosper\u00f3.<\/p>\n<p class=\"paragraph\" data-mrf-recirculation=\"Links inline\">La llegada de Ronaldo a la Saudi Pro League a principios de 2023 supuso un <b>impulso decisivo para la expansi\u00f3n internacional del f\u00fatbol saud\u00ed<\/b>. Su presencia contribuy\u00f3 al avance en la negociaci\u00f3n de contratos millonarios posteriores y a una mayor visibilidad de la liga a escala global. Con la renovaci\u00f3n, Cristiano Ronaldo afronta <b>la recta final de su carrera <\/b>en el Golfo P\u00e9rsico, donde seguir\u00e1 como el principal referente futbol\u00edstico y medi\u00e1tico del campeonato. Las metas est\u00e1n claras: <b>acercarse a los 1.000 goles como profesional <\/b>y despedirse a lo grande en la cita mundialista de 2026.<\/p>\n<\/div>\n<\/div>\n","protected":false},"excerpt":{"rendered":"<p>Cristiano Ronaldo continuar\u00e1 su carrera en Arabia Saudita tras firmar la renovaci\u00f3n de su contrato con el Al Nassr. El delantero portugu\u00e9s, que lleg\u00f3 al club de la capital saud\u00ed en enero de 2023 procedente del Manchester United, extendi\u00f3 su compromiso por dos temporadas m\u00e1s, con lo que seguir\u00e1 vinculado al equipo hasta 2027. De [&hellip;]<\/p>\n","protected":false},"author":2,"featured_media":4025,"comment_status":"open","ping_status":"open","sticky":false,"template":"","format":"standard","meta":{"footnotes":""},"categories":[25],"tags":[],"class_list":{"0":"post-4024","1":"post","2":"type-post","3":"status-publish","4":"format-standard","5":"has-post-thumbnail","7":"category-deportes"},"aioseo_notices":[],"_links":{"self":[{"href":"https:\/\/elfaroonline.com.ar\/index.php\/wp-json\/wp\/v2\/posts\/4024","targetHints":{"allow":["GET"]}}],"collection":[{"href":"https:\/\/elfaroonline.com.ar\/index.php\/wp-json\/wp\/v2\/posts"}],"about":[{"href":"https:\/\/elfaroonline.com.ar\/index.php\/wp-json\/wp\/v2\/types\/post"}],"author":[{"embeddable":true,"href":"https:\/\/elfaroonline.com.ar\/index.php\/wp-json\/wp\/v2\/users\/2"}],"replies":[{"embeddable":true,"href":"https:\/\/elfaroonline.com.ar\/index.php\/wp-json\/wp\/v2\/comments?post=4024"}],"version-history":[{"count":1,"href":"https:\/\/elfaroonline.com.ar\/index.php\/wp-json\/wp\/v2\/posts\/4024\/revisions"}],"predecessor-version":[{"id":4026,"href":"https:\/\/elfaroonline.com.ar\/index.php\/wp-json\/wp\/v2\/posts\/4024\/revisions\/4026"}],"wp:featuredmedia":[{"embeddable":true,"href":"https:\/\/elfaroonline.com.ar\/index.php\/wp-json\/wp\/v2\/media\/4025"}],"wp:attachment":[{"href":"https:\/\/elfaroonline.com.ar\/index.php\/wp-json\/wp\/v2\/media?parent=4024"}],"wp:term":[{"taxonomy":"category","embeddable":true,"href":"https:\/\/elfaroonline.com.ar\/index.php\/wp-json\/wp\/v2\/categories?post=4024"},{"taxonomy":"post_tag","embeddable":true,"href":"https:\/\/elfaroonline.com.ar\/index.php\/wp-json\/wp\/v2\/tags?post=4024"}],"curies":[{"name":"wp","href":"https:\/\/api.w.org\/{rel}","templated":true}]}}