{"id":4032,"date":"2025-06-30T11:15:35","date_gmt":"2025-06-30T14:15:35","guid":{"rendered":"https:\/\/elfaroonline.com.ar\/?p=4032"},"modified":"2025-06-30T11:15:35","modified_gmt":"2025-06-30T14:15:35","slug":"andalgala-la-pavimentacion-de-ruta-47-estara-lista-en-septiembre-y-avanza-el-plan-de-asfaltado-urbano","status":"publish","type":"post","link":"https:\/\/elfaroonline.com.ar\/index.php\/2025\/06\/30\/andalgala-la-pavimentacion-de-ruta-47-estara-lista-en-septiembre-y-avanza-el-plan-de-asfaltado-urbano\/","title":{"rendered":"Andalgal\u00e1: la pavimentaci\u00f3n de Ruta 47 estar\u00e1 lista en septiembre y avanza el Plan de Asfaltado urbano"},"content":{"rendered":"<p class=\"v1MsoNormal\">El gobernador Ra\u00fal Jalil mantuvo una reuni\u00f3n de trabajo con el intendente de Andalgal\u00e1, Eduardo C\u00f3rdoba, en la que dialogaron sobre la actualidad del municipio y el avance de distintas obras de infraestructura vial que se est\u00e1n ejecutando en la Perla del Oeste.<\/p>\n<p class=\"v1MsoNormal\">Uno de los principales temas abordados fue el avance de la pavimentaci\u00f3n de la Ruta Provincial N\u00b047, en el tramo de 10 kil\u00f3metros que une Chaquiago-Choya. Seg\u00fan informaron las autoridades, se espera que los trabajos concluyan en el mes de septiembre, lo que representar\u00e1 una mejora clave en la conectividad del distrito y ver cumplido el sue\u00f1o de todos los vecinos de este sector de Andalgal\u00e1.<\/p>\n<p class=\"v1MsoNormal\">En lo que respecta al Plan de Asfaltado urbano, desde Vialidad Provincial se comunic\u00f3 que ya concluyeron los m\u00e1s de 4.200 m\u00b2 de asfaltado en el distrito Malli y actualmente las tareas contin\u00faan sobre avenida Belgrano, donde se est\u00e1n interviniendo m\u00e1s de 5.200 metros cuadrados de calzada. Estas intervenciones viales son consideradas fundamentales para optimizar la circulaci\u00f3n y brindar mayor seguridad vial a los vecinos. Las obras se realizan gracias al trabajo conjunto de municipio (aporta asfalto) y Provincia (aporta mano de obra y maquinaria).<\/p>\n<p class=\"v1MsoNormal\">Por \u00faltimo, durante el encuentro tambi\u00e9n se abordaron temas vinculados al respaldo financiero del Gobierno provincial al municipio, en este punto el intendente C\u00f3rdoba expres\u00f3 su agradecimiento por la asistencia para el pago del medio aguinaldo a los trabajadores comunales de Andalgal\u00e1.<\/p>\n","protected":false},"excerpt":{"rendered":"<p>El gobernador Ra\u00fal Jalil mantuvo una reuni\u00f3n de trabajo con el intendente de Andalgal\u00e1, Eduardo C\u00f3rdoba, en la que dialogaron sobre la actualidad del municipio y el avance de distintas obras de infraestructura vial que se est\u00e1n ejecutando en la Perla del Oeste. Uno de los principales temas abordados fue el avance de la pavimentaci\u00f3n [&hellip;]<\/p>\n","protected":false},"author":2,"featured_media":4033,"comment_status":"open","ping_status":"open","sticky":false,"template":"","format":"standard","meta":{"footnotes":""},"categories":[23,21],"tags":[],"class_list":{"0":"post-4032","1":"post","2":"type-post","3":"status-publish","4":"format-standard","5":"has-post-thumbnail","7":"category-destacados","8":"category-politica"},"aioseo_notices":[],"_links":{"self":[{"href":"https:\/\/elfaroonline.com.ar\/index.php\/wp-json\/wp\/v2\/posts\/4032","targetHints":{"allow":["GET"]}}],"collection":[{"href":"https:\/\/elfaroonline.com.ar\/index.php\/wp-json\/wp\/v2\/posts"}],"about":[{"href":"https:\/\/elfaroonline.com.ar\/index.php\/wp-json\/wp\/v2\/types\/post"}],"author":[{"embeddable":true,"href":"https:\/\/elfaroonline.com.ar\/index.php\/wp-json\/wp\/v2\/users\/2"}],"replies":[{"embeddable":true,"href":"https:\/\/elfaroonline.com.ar\/index.php\/wp-json\/wp\/v2\/comments?post=4032"}],"version-history":[{"count":1,"href":"https:\/\/elfaroonline.com.ar\/index.php\/wp-json\/wp\/v2\/posts\/4032\/revisions"}],"predecessor-version":[{"id":4034,"href":"https:\/\/elfaroonline.com.ar\/index.php\/wp-json\/wp\/v2\/posts\/4032\/revisions\/4034"}],"wp:featuredmedia":[{"embeddable":true,"href":"https:\/\/elfaroonline.com.ar\/index.php\/wp-json\/wp\/v2\/media\/4033"}],"wp:attachment":[{"href":"https:\/\/elfaroonline.com.ar\/index.php\/wp-json\/wp\/v2\/media?parent=4032"}],"wp:term":[{"taxonomy":"category","embeddable":true,"href":"https:\/\/elfaroonline.com.ar\/index.php\/wp-json\/wp\/v2\/categories?post=4032"},{"taxonomy":"post_tag","embeddable":true,"href":"https:\/\/elfaroonline.com.ar\/index.php\/wp-json\/wp\/v2\/tags?post=4032"}],"curies":[{"name":"wp","href":"https:\/\/api.w.org\/{rel}","templated":true}]}}