{"id":4035,"date":"2025-06-30T11:15:17","date_gmt":"2025-06-30T14:15:17","guid":{"rendered":"https:\/\/elfaroonline.com.ar\/?p=4035"},"modified":"2025-06-30T11:15:17","modified_gmt":"2025-06-30T14:15:17","slug":"carachi-se-suma-al-chaku-y-recibira-aportes-de-la-provincia-para-la-practica-ancestral","status":"publish","type":"post","link":"https:\/\/elfaroonline.com.ar\/index.php\/2025\/06\/30\/carachi-se-suma-al-chaku-y-recibira-aportes-de-la-provincia-para-la-practica-ancestral\/","title":{"rendered":"Carachi se suma al Chaku y recibir\u00e1 aportes de la Provincia para la pr\u00e1ctica ancestral"},"content":{"rendered":"<p class=\"v1MsoNormal\">En el marco del encuentro con referentes de la Puna catamarque\u00f1a, se confirm\u00f3 que la comunidad de Carachi -y alrededores- se sumar\u00e1n esta temporada al Chaku.<\/p>\n<p class=\"v1MsoNormal\">En v\u00edsperas de esta nueva temporada, el gobernador Ra\u00fal Jalil comunic\u00f3 al cacique Isidro Gervan que entregar\u00e1n una camioneta 0km para la comunidad de Carachi, adem\u00e1s de todos los elementos necesarios para la captura de vicu\u00f1a como redes, postes y dem\u00e1s insumos necesarios para llevar adelante la actividad. Estos aportes ser\u00e1n canalizados a trav\u00e9s del Ministerio de Desarrollo Productivo y el Ministerio de Agua, Energ\u00eda y Ambiente.<\/p>\n<p class=\"v1MsoNormal\">Lucas Florit, jefe de \u00e1rea de manejo de vicu\u00f1a y certificaci\u00f3n de fibra, particip\u00f3 de la reuni\u00f3n y afirm\u00f3 que &#8220;se trata de seguir impulsando el desarrollo productivo de la lana de vicu\u00f1a en las comunidades de altura. La producci\u00f3n bruta de la provincia, teniendo en cuenta comunidades, cooperativas y privados, es un aproximado de tonelada y media anual. El objetivo es llegar a 4 toneladas de ac\u00e1 a 2028, por eso insistimos en que las comunidades de altura deben trabajar en la esquila&#8221;.<\/p>\n<p class=\"v1MsoNormal\">La captura y esquila de vicu\u00f1a es una pr\u00e1ctica que se desarrolla en lugares del norte de Bel\u00e9n como Laguna Blanca, Corral Blanco, y en Antofagasta de la Sierra y El Pe\u00f1\u00f3n.<\/p>\n","protected":false},"excerpt":{"rendered":"<p>En el marco del encuentro con referentes de la Puna catamarque\u00f1a, se confirm\u00f3 que la comunidad de Carachi -y alrededores- se sumar\u00e1n esta temporada al Chaku. En v\u00edsperas de esta nueva temporada, el gobernador Ra\u00fal Jalil comunic\u00f3 al cacique Isidro Gervan que entregar\u00e1n una camioneta 0km para la comunidad de Carachi, adem\u00e1s de todos los [&hellip;]<\/p>\n","protected":false},"author":2,"featured_media":4036,"comment_status":"open","ping_status":"open","sticky":false,"template":"","format":"standard","meta":{"footnotes":""},"categories":[23,20],"tags":[],"class_list":{"0":"post-4035","1":"post","2":"type-post","3":"status-publish","4":"format-standard","5":"has-post-thumbnail","7":"category-destacados","8":"category-sociedad"},"aioseo_notices":[],"_links":{"self":[{"href":"https:\/\/elfaroonline.com.ar\/index.php\/wp-json\/wp\/v2\/posts\/4035","targetHints":{"allow":["GET"]}}],"collection":[{"href":"https:\/\/elfaroonline.com.ar\/index.php\/wp-json\/wp\/v2\/posts"}],"about":[{"href":"https:\/\/elfaroonline.com.ar\/index.php\/wp-json\/wp\/v2\/types\/post"}],"author":[{"embeddable":true,"href":"https:\/\/elfaroonline.com.ar\/index.php\/wp-json\/wp\/v2\/users\/2"}],"replies":[{"embeddable":true,"href":"https:\/\/elfaroonline.com.ar\/index.php\/wp-json\/wp\/v2\/comments?post=4035"}],"version-history":[{"count":1,"href":"https:\/\/elfaroonline.com.ar\/index.php\/wp-json\/wp\/v2\/posts\/4035\/revisions"}],"predecessor-version":[{"id":4037,"href":"https:\/\/elfaroonline.com.ar\/index.php\/wp-json\/wp\/v2\/posts\/4035\/revisions\/4037"}],"wp:featuredmedia":[{"embeddable":true,"href":"https:\/\/elfaroonline.com.ar\/index.php\/wp-json\/wp\/v2\/media\/4036"}],"wp:attachment":[{"href":"https:\/\/elfaroonline.com.ar\/index.php\/wp-json\/wp\/v2\/media?parent=4035"}],"wp:term":[{"taxonomy":"category","embeddable":true,"href":"https:\/\/elfaroonline.com.ar\/index.php\/wp-json\/wp\/v2\/categories?post=4035"},{"taxonomy":"post_tag","embeddable":true,"href":"https:\/\/elfaroonline.com.ar\/index.php\/wp-json\/wp\/v2\/tags?post=4035"}],"curies":[{"name":"wp","href":"https:\/\/api.w.org\/{rel}","templated":true}]}}