{"id":4038,"date":"2025-06-30T11:14:58","date_gmt":"2025-06-30T14:14:58","guid":{"rendered":"https:\/\/elfaroonline.com.ar\/?p=4038"},"modified":"2025-06-30T11:14:58","modified_gmt":"2025-06-30T14:14:58","slug":"el-ministro-leonardo-zeballos-recorrio-tinogasta-fiambala-y-punta-de-agua-y-fortalecio-el-dialogo-con-productores-locales","status":"publish","type":"post","link":"https:\/\/elfaroonline.com.ar\/index.php\/2025\/06\/30\/el-ministro-leonardo-zeballos-recorrio-tinogasta-fiambala-y-punta-de-agua-y-fortalecio-el-dialogo-con-productores-locales\/","title":{"rendered":"El ministro Leonardo Zeballos recorri\u00f3 Tinogasta, Fiambal\u00e1 y Punta de Agua y fortaleci\u00f3 el di\u00e1logo con productores locales"},"content":{"rendered":"<p class=\"v1MsoNormal\">El ministro de Desarrollo Productivo, Leonardo Zeballos, visit\u00f3 las localidades de Fiambal\u00e1, Punta de Agua y Tinogasta, donde desarroll\u00f3 una intensa agenda territorial junto a productores, t\u00e9cnicos y autoridades locales para relevar necesidades, presentar proyectos estrat\u00e9gicos y avanzar en soluciones concretas que fortalezcan la producci\u00f3n provincial.<\/p>\n<p class=\"v1MsoNormal\">En Fiambal\u00e1, acompa\u00f1ado por la diputada provincial Mar\u00eda Argerich, mantuvo un encuentro con productores de las colonias productivas, quienes compartieron propuestas para potenciar la vitivinicultura, la producci\u00f3n caprina y hort\u00edcola. Adem\u00e1s, visit\u00f3 emprendimientos de dulces caseros y curtiembres, subrayando la importancia del valor agregado en origen como motor de desarrollo.<\/p>\n<p class=\"v1MsoNormal\">Posteriormente, Zeballos recorri\u00f3, junto a representantes del Consorcio de Riego, los distintos canales que abastecen a las fincas productivas, constatando las tareas de mantenimiento y mejora que la Provincia viene ejecutando para asegurar la provisi\u00f3n de agua a toda la zona agr\u00edcola.<\/p>\n<p class=\"v1MsoNormal\">En Punta de Agua (Tinogasta), el ministro particip\u00f3 de la presentaci\u00f3n de la Cooperativa Agroindustrial Kak\u00e1n, que impulsa un proyecto integral de diversificaci\u00f3n productiva basado en el aprovechamiento h\u00eddrico del r\u00edo Aguas Negras, con cultivos forrajeros y hort\u00edcolas y agregado de valor en origen. La iniciativa cuenta con el respaldo t\u00e9cnico del INTA Tinogasta, t\u00e9cnicos zonales y productores locales.<\/p>\n<p class=\"v1MsoNormal\">La jornada permiti\u00f3 fortalecer los v\u00ednculos entre Estado, sector privado y organizaciones territoriales, consolidando una estrategia de trabajo conjunto en todo el interior provincial.<\/p>\n<p class=\"v1MsoNormal\">El Ministerio de Desarrollo Productivo contin\u00faa impulsando proyectos que generen empleo, aprovechen los recursos naturales con eficiencia y promuevan el desarrollo sostenible de las econom\u00edas regionales de Catamarca.<\/p>\n","protected":false},"excerpt":{"rendered":"<p>El ministro de Desarrollo Productivo, Leonardo Zeballos, visit\u00f3 las localidades de Fiambal\u00e1, Punta de Agua y Tinogasta, donde desarroll\u00f3 una intensa agenda territorial junto a productores, t\u00e9cnicos y autoridades locales para relevar necesidades, presentar proyectos estrat\u00e9gicos y avanzar en soluciones concretas que fortalezcan la producci\u00f3n provincial. En Fiambal\u00e1, acompa\u00f1ado por la diputada provincial Mar\u00eda Argerich, [&hellip;]<\/p>\n","protected":false},"author":2,"featured_media":4039,"comment_status":"open","ping_status":"open","sticky":false,"template":"","format":"standard","meta":{"footnotes":""},"categories":[21],"tags":[],"class_list":{"0":"post-4038","1":"post","2":"type-post","3":"status-publish","4":"format-standard","5":"has-post-thumbnail","7":"category-politica"},"aioseo_notices":[],"_links":{"self":[{"href":"https:\/\/elfaroonline.com.ar\/index.php\/wp-json\/wp\/v2\/posts\/4038","targetHints":{"allow":["GET"]}}],"collection":[{"href":"https:\/\/elfaroonline.com.ar\/index.php\/wp-json\/wp\/v2\/posts"}],"about":[{"href":"https:\/\/elfaroonline.com.ar\/index.php\/wp-json\/wp\/v2\/types\/post"}],"author":[{"embeddable":true,"href":"https:\/\/elfaroonline.com.ar\/index.php\/wp-json\/wp\/v2\/users\/2"}],"replies":[{"embeddable":true,"href":"https:\/\/elfaroonline.com.ar\/index.php\/wp-json\/wp\/v2\/comments?post=4038"}],"version-history":[{"count":1,"href":"https:\/\/elfaroonline.com.ar\/index.php\/wp-json\/wp\/v2\/posts\/4038\/revisions"}],"predecessor-version":[{"id":4040,"href":"https:\/\/elfaroonline.com.ar\/index.php\/wp-json\/wp\/v2\/posts\/4038\/revisions\/4040"}],"wp:featuredmedia":[{"embeddable":true,"href":"https:\/\/elfaroonline.com.ar\/index.php\/wp-json\/wp\/v2\/media\/4039"}],"wp:attachment":[{"href":"https:\/\/elfaroonline.com.ar\/index.php\/wp-json\/wp\/v2\/media?parent=4038"}],"wp:term":[{"taxonomy":"category","embeddable":true,"href":"https:\/\/elfaroonline.com.ar\/index.php\/wp-json\/wp\/v2\/categories?post=4038"},{"taxonomy":"post_tag","embeddable":true,"href":"https:\/\/elfaroonline.com.ar\/index.php\/wp-json\/wp\/v2\/tags?post=4038"}],"curies":[{"name":"wp","href":"https:\/\/api.w.org\/{rel}","templated":true}]}}