{"id":4041,"date":"2025-06-30T11:14:39","date_gmt":"2025-06-30T14:14:39","guid":{"rendered":"https:\/\/elfaroonline.com.ar\/?p=4041"},"modified":"2025-06-30T11:14:39","modified_gmt":"2025-06-30T14:14:39","slug":"mas-de-50-expositores-catamarquenos-brillaran-en-el-pabellon-bodegas-y-delicatesen","status":"publish","type":"post","link":"https:\/\/elfaroonline.com.ar\/index.php\/2025\/06\/30\/mas-de-50-expositores-catamarquenos-brillaran-en-el-pabellon-bodegas-y-delicatesen\/","title":{"rendered":"M\u00e1s de 50 expositores catamarque\u00f1os brillar\u00e1n en el pabell\u00f3n &#8220;Bodegas y delicatesen&#8221;"},"content":{"rendered":"<p class=\"v1MsoNormal\">En \u00e1mbitos del Ministerio de Desarrollo Productivo, en el CAPE, m\u00e1s de 50 productores provinciales de distintos rubros fueron recibidos por el titular del organismo, Leonardo Zeballos, encuentro que sirvi\u00f3 para la firma de los contratos para la participaci\u00f3n de los mismos, de manera gratuita, en el pabell\u00f3n &#8220;Bodegas y delcatessen&#8221;, el que se instalar\u00e1 en el marco de la Fiesta Nacional del Poncho.<\/p>\n<p class=\"v1MsoNormal\">Este a\u00f1o, el espacio se ver\u00e1 ampliado de acuerdo a la alta demanda de productores catamarque\u00f1os que quieren decir presente en la gran fiesta, y como un aporte importante, el Ministerio de Desarrollo Productivo se encargar\u00e1 de todo lo concerniente para que los expositores cuenten, de forma gratuita, con todo lo necesario para exhibir y comercializar sus productos.<\/p>\n<p class=\"v1MsoNormal\">En la reuni\u00f3n, el ministro Zeballos les dio la bienvenida e hizo hincapi\u00e9 en &#8220;la gran importancia que significa para nosotros poder armar este pabell\u00f3n, ofreci\u00e9ndoles a ustedes esta importante vidriera para que el pa\u00eds conozca la alta calidad de producci\u00f3n que tenemos en Catamarca&#8221;.<\/p>\n<p class=\"v1MsoNormal\">En &#8220;Bodegas y delicatesen&#8221; se encontrar\u00e1n bodegas de toda la Provincia, como tambi\u00e9n productores de aceite de oliva, aceitunas, miel, especies arom\u00e1ticas, frutos secos, dulces y confituras, vinos y otras bebidas destiladas, productos org\u00e1nicos y libres de gluten, entre otros productos.<\/p>\n<p class=\"v1MsoNormal\">Tambi\u00e9n, Leonardo Zeballos destac\u00f3 el trabajo que el equipo del Ministerio de Desarrollo Productivo est\u00e1 realizando con la debida anticipaci\u00f3n para llegar al 18 de julio, d\u00eda de comienzo de la Fiesta del Poncho, con todo en condiciones para que en esta edici\u00f3n se acreciente el \u00e9xito del pabell\u00f3n.<\/p>\n<p class=\"v1MsoNormal\">Durante la reuni\u00f3n, distintos funcionarios de la cartera brindaron detalles de lo que el pabell\u00f3n ofrecer\u00e1, y se pusieron a disposici\u00f3n de los productores para evacuar cualquier duda y brindar el mejor asesoramiento.<\/p>\n","protected":false},"excerpt":{"rendered":"<p>En \u00e1mbitos del Ministerio de Desarrollo Productivo, en el CAPE, m\u00e1s de 50 productores provinciales de distintos rubros fueron recibidos por el titular del organismo, Leonardo Zeballos, encuentro que sirvi\u00f3 para la firma de los contratos para la participaci\u00f3n de los mismos, de manera gratuita, en el pabell\u00f3n &#8220;Bodegas y delcatessen&#8221;, el que se instalar\u00e1 [&hellip;]<\/p>\n","protected":false},"author":2,"featured_media":4042,"comment_status":"open","ping_status":"open","sticky":false,"template":"","format":"standard","meta":{"footnotes":""},"categories":[20],"tags":[],"class_list":{"0":"post-4041","1":"post","2":"type-post","3":"status-publish","4":"format-standard","5":"has-post-thumbnail","7":"category-sociedad"},"aioseo_notices":[],"_links":{"self":[{"href":"https:\/\/elfaroonline.com.ar\/index.php\/wp-json\/wp\/v2\/posts\/4041","targetHints":{"allow":["GET"]}}],"collection":[{"href":"https:\/\/elfaroonline.com.ar\/index.php\/wp-json\/wp\/v2\/posts"}],"about":[{"href":"https:\/\/elfaroonline.com.ar\/index.php\/wp-json\/wp\/v2\/types\/post"}],"author":[{"embeddable":true,"href":"https:\/\/elfaroonline.com.ar\/index.php\/wp-json\/wp\/v2\/users\/2"}],"replies":[{"embeddable":true,"href":"https:\/\/elfaroonline.com.ar\/index.php\/wp-json\/wp\/v2\/comments?post=4041"}],"version-history":[{"count":1,"href":"https:\/\/elfaroonline.com.ar\/index.php\/wp-json\/wp\/v2\/posts\/4041\/revisions"}],"predecessor-version":[{"id":4043,"href":"https:\/\/elfaroonline.com.ar\/index.php\/wp-json\/wp\/v2\/posts\/4041\/revisions\/4043"}],"wp:featuredmedia":[{"embeddable":true,"href":"https:\/\/elfaroonline.com.ar\/index.php\/wp-json\/wp\/v2\/media\/4042"}],"wp:attachment":[{"href":"https:\/\/elfaroonline.com.ar\/index.php\/wp-json\/wp\/v2\/media?parent=4041"}],"wp:term":[{"taxonomy":"category","embeddable":true,"href":"https:\/\/elfaroonline.com.ar\/index.php\/wp-json\/wp\/v2\/categories?post=4041"},{"taxonomy":"post_tag","embeddable":true,"href":"https:\/\/elfaroonline.com.ar\/index.php\/wp-json\/wp\/v2\/tags?post=4041"}],"curies":[{"name":"wp","href":"https:\/\/api.w.org\/{rel}","templated":true}]}}