{"id":4044,"date":"2025-06-30T11:14:21","date_gmt":"2025-06-30T14:14:21","guid":{"rendered":"https:\/\/elfaroonline.com.ar\/?p=4044"},"modified":"2025-06-30T11:14:21","modified_gmt":"2025-06-30T14:14:21","slug":"la-provincia-aporto-8-900-millones-para-el-pago-del-medio-aguinaldo-en-los-municipios","status":"publish","type":"post","link":"https:\/\/elfaroonline.com.ar\/index.php\/2025\/06\/30\/la-provincia-aporto-8-900-millones-para-el-pago-del-medio-aguinaldo-en-los-municipios\/","title":{"rendered":"La Provincia aport\u00f3 $8.900 millones para el pago del medio aguinaldo en los municipios"},"content":{"rendered":"<p class=\"v1MsoNormal\"><span lang=\"ES-MX\">El Gobierno de Catamarca realiz\u00f3 un importante aporte econ\u00f3mico de $8.900 millones de pesos destinado a los municipios con el objetivo de garantizar el pago del Sueldo Anual Complementario (SAC).<\/span><\/p>\n<p class=\"v1MsoNormal\"><span lang=\"ES-MX\">Este respaldo financiero se enmarca en las pol\u00edticas de acompa\u00f1amiento que el Ejecutivo provincial viene desarrollando para fortalecer las autonom\u00edas municipales y asegurar el cumplimiento en tiempo y forma de las obligaciones salariales con los trabajadores del interior.<\/span><\/p>\n<p class=\"v1MsoNormal\"><span lang=\"ES-MX\">El aporte ser\u00e1 de car\u00e1cter reintegrable y se acord\u00f3 con los municipios la devoluci\u00f3n en 4 meses a partir de septiembre.<\/span><\/p>\n<p class=\"v1MsoNormal\"><span lang=\"ES-MX\">Desde el Ejecutivo provincial se considera fundamental acompa\u00f1ar a los municipios con este aporte, ya que la medida impactar\u00e1 de manera directa en la econom\u00eda de cada localidad y en el bolsillo de los trabajadores y trabajadoras municipales.<\/span><\/p>\n","protected":false},"excerpt":{"rendered":"<p>El Gobierno de Catamarca realiz\u00f3 un importante aporte econ\u00f3mico de $8.900 millones de pesos destinado a los municipios con el objetivo de garantizar el pago del Sueldo Anual Complementario (SAC). Este respaldo financiero se enmarca en las pol\u00edticas de acompa\u00f1amiento que el Ejecutivo provincial viene desarrollando para fortalecer las autonom\u00edas municipales y asegurar el cumplimiento [&hellip;]<\/p>\n","protected":false},"author":2,"featured_media":4045,"comment_status":"open","ping_status":"open","sticky":false,"template":"","format":"standard","meta":{"footnotes":""},"categories":[21],"tags":[],"class_list":{"0":"post-4044","1":"post","2":"type-post","3":"status-publish","4":"format-standard","5":"has-post-thumbnail","7":"category-politica"},"aioseo_notices":[],"_links":{"self":[{"href":"https:\/\/elfaroonline.com.ar\/index.php\/wp-json\/wp\/v2\/posts\/4044","targetHints":{"allow":["GET"]}}],"collection":[{"href":"https:\/\/elfaroonline.com.ar\/index.php\/wp-json\/wp\/v2\/posts"}],"about":[{"href":"https:\/\/elfaroonline.com.ar\/index.php\/wp-json\/wp\/v2\/types\/post"}],"author":[{"embeddable":true,"href":"https:\/\/elfaroonline.com.ar\/index.php\/wp-json\/wp\/v2\/users\/2"}],"replies":[{"embeddable":true,"href":"https:\/\/elfaroonline.com.ar\/index.php\/wp-json\/wp\/v2\/comments?post=4044"}],"version-history":[{"count":1,"href":"https:\/\/elfaroonline.com.ar\/index.php\/wp-json\/wp\/v2\/posts\/4044\/revisions"}],"predecessor-version":[{"id":4046,"href":"https:\/\/elfaroonline.com.ar\/index.php\/wp-json\/wp\/v2\/posts\/4044\/revisions\/4046"}],"wp:featuredmedia":[{"embeddable":true,"href":"https:\/\/elfaroonline.com.ar\/index.php\/wp-json\/wp\/v2\/media\/4045"}],"wp:attachment":[{"href":"https:\/\/elfaroonline.com.ar\/index.php\/wp-json\/wp\/v2\/media?parent=4044"}],"wp:term":[{"taxonomy":"category","embeddable":true,"href":"https:\/\/elfaroonline.com.ar\/index.php\/wp-json\/wp\/v2\/categories?post=4044"},{"taxonomy":"post_tag","embeddable":true,"href":"https:\/\/elfaroonline.com.ar\/index.php\/wp-json\/wp\/v2\/tags?post=4044"}],"curies":[{"name":"wp","href":"https:\/\/api.w.org\/{rel}","templated":true}]}}