{"id":4047,"date":"2025-06-30T11:13:52","date_gmt":"2025-06-30T14:13:52","guid":{"rendered":"https:\/\/elfaroonline.com.ar\/?p=4047"},"modified":"2025-06-30T11:13:52","modified_gmt":"2025-06-30T14:13:52","slug":"el-gobierno-provincial-confirmo-las-fechas-de-receso-invernal-2025","status":"publish","type":"post","link":"https:\/\/elfaroonline.com.ar\/index.php\/2025\/06\/30\/el-gobierno-provincial-confirmo-las-fechas-de-receso-invernal-2025\/","title":{"rendered":"El Gobierno Provincial confirm\u00f3 las fechas de receso invernal 2025"},"content":{"rendered":"<p class=\"v1MsoNormal\">Mediante el Decreto N\u00b0 1064, el Gobierno de Catamarca dispuso el receso administrativo invernal para la Administraci\u00f3n P\u00fablica Provincial. El mismo tendr\u00e1 lugar desde el lunes 14 hasta el viernes 19 de julio de 2025.<\/p>\n<p class=\"v1MsoNormal\">Los agentes podr\u00e1n hacer uso del receso establecido por un lapso de 5 d\u00edas corridos, que \u00fanicamente podr\u00e1 ser gozado en alguno de los siguientes periodos:<\/p>\n<p class=\"v1MsoNormal\">-Del 14 de julio al 18 de julio de 2025<\/p>\n<p class=\"v1MsoNormal\">-Del 21 de julio al 25 de julio de 2025<\/p>\n<p class=\"v1MsoNormal\">La medida abarca a todo el personal que se desempe\u00f1a en los distintos organismos y dependencias de la administraci\u00f3n central, entes aut\u00e1rquicos y organismos descentralizados, garantizando durante este per\u00edodo la prestaci\u00f3n de los servicios esenciales.<\/p>\n<p class=\"v1MsoNormal\">El decreto tambi\u00e9n establece que las autoridades de cada \u00e1rea deber\u00e1n adoptar las medidas necesarias para asegurar las guardias m\u00ednimas en servicios indispensables, sin afectar la atenci\u00f3n a la ciudadan\u00eda ni el funcionamiento b\u00e1sico del Estado.<\/p>\n<p class=\"v1MsoNormal\">Esta disposici\u00f3n forma parte de la organizaci\u00f3n del calendario institucional anual, en concordancia con el receso escolar.<\/p>\n","protected":false},"excerpt":{"rendered":"<p>Mediante el Decreto N\u00b0 1064, el Gobierno de Catamarca dispuso el receso administrativo invernal para la Administraci\u00f3n P\u00fablica Provincial. El mismo tendr\u00e1 lugar desde el lunes 14 hasta el viernes 19 de julio de 2025. Los agentes podr\u00e1n hacer uso del receso establecido por un lapso de 5 d\u00edas corridos, que \u00fanicamente podr\u00e1 ser gozado [&hellip;]<\/p>\n","protected":false},"author":2,"featured_media":4048,"comment_status":"open","ping_status":"open","sticky":false,"template":"","format":"standard","meta":{"footnotes":""},"categories":[20],"tags":[],"class_list":{"0":"post-4047","1":"post","2":"type-post","3":"status-publish","4":"format-standard","5":"has-post-thumbnail","7":"category-sociedad"},"aioseo_notices":[],"_links":{"self":[{"href":"https:\/\/elfaroonline.com.ar\/index.php\/wp-json\/wp\/v2\/posts\/4047","targetHints":{"allow":["GET"]}}],"collection":[{"href":"https:\/\/elfaroonline.com.ar\/index.php\/wp-json\/wp\/v2\/posts"}],"about":[{"href":"https:\/\/elfaroonline.com.ar\/index.php\/wp-json\/wp\/v2\/types\/post"}],"author":[{"embeddable":true,"href":"https:\/\/elfaroonline.com.ar\/index.php\/wp-json\/wp\/v2\/users\/2"}],"replies":[{"embeddable":true,"href":"https:\/\/elfaroonline.com.ar\/index.php\/wp-json\/wp\/v2\/comments?post=4047"}],"version-history":[{"count":1,"href":"https:\/\/elfaroonline.com.ar\/index.php\/wp-json\/wp\/v2\/posts\/4047\/revisions"}],"predecessor-version":[{"id":4049,"href":"https:\/\/elfaroonline.com.ar\/index.php\/wp-json\/wp\/v2\/posts\/4047\/revisions\/4049"}],"wp:featuredmedia":[{"embeddable":true,"href":"https:\/\/elfaroonline.com.ar\/index.php\/wp-json\/wp\/v2\/media\/4048"}],"wp:attachment":[{"href":"https:\/\/elfaroonline.com.ar\/index.php\/wp-json\/wp\/v2\/media?parent=4047"}],"wp:term":[{"taxonomy":"category","embeddable":true,"href":"https:\/\/elfaroonline.com.ar\/index.php\/wp-json\/wp\/v2\/categories?post=4047"},{"taxonomy":"post_tag","embeddable":true,"href":"https:\/\/elfaroonline.com.ar\/index.php\/wp-json\/wp\/v2\/tags?post=4047"}],"curies":[{"name":"wp","href":"https:\/\/api.w.org\/{rel}","templated":true}]}}