{"id":4050,"date":"2025-06-30T11:13:34","date_gmt":"2025-06-30T14:13:34","guid":{"rendered":"https:\/\/elfaroonline.com.ar\/?p=4050"},"modified":"2025-06-30T11:13:34","modified_gmt":"2025-06-30T14:13:34","slug":"el-norte-grande-trabaja-en-nueva-ruta-de-exportacion-para-productos-regionales-a-miami","status":"publish","type":"post","link":"https:\/\/elfaroonline.com.ar\/index.php\/2025\/06\/30\/el-norte-grande-trabaja-en-nueva-ruta-de-exportacion-para-productos-regionales-a-miami\/","title":{"rendered":"El Norte Grande trabaja en nueva ruta de exportaci\u00f3n para productos regionales a Miami"},"content":{"rendered":"<p class=\"v1MsoNormal\"><span lang=\"ES-MX\">En el marco de la reuni\u00f3n de gobernadores y representantes de las provincias del Norte Grande y el Litoral, que se desarroll\u00f3 en la ciudad de Santiago del Estero, el gobernador Ra\u00fal Jalil, junto a otros mandatarios y funcionarios, particip\u00f3 de una videoconferencia con autoridades del Puerto de Miami, el principal puerto de cruceros del mundo, que adem\u00e1s cuenta con una importante zona franca.<\/span><\/p>\n<p class=\"v1MsoNormal\"><span lang=\"ES-MX\">En el encuentro virtual, los representantes del Puerto de Miami presentaron a las provincias argentinas la posibilidad concreta de establecer una v\u00eda directa para la importaci\u00f3n de productos alimenticios. Entre las ventajas destacadas se se\u00f1alaron la cercan\u00eda geogr\u00e1fica, la pertenencia al mismo hemisferio y la reducci\u00f3n significativa en los tiempos de traslado respecto a otros destinos comerciales.<\/span><\/p>\n<p class=\"v1MsoNormal\"><span lang=\"ES-MX\">Las autoridades estadounidenses manifestaron su inter\u00e9s en facilitar el acceso de las provincias al mercado del Estado de Florida mediante la vinculaci\u00f3n directa con grandes cadenas de supermercados. Adem\u00e1s, a trav\u00e9s del uso de la zona franca del puerto, se abre la posibilidad de abastecer a los cruceros que operan desde Miami, generando una nueva alternativa para productos con valor agregado del interior argentino.<\/span><\/p>\n<p class=\"v1MsoNormal\"><span lang=\"ES-MX\">Como resultado de la reuni\u00f3n, se estableci\u00f3 una v\u00eda de comunicaci\u00f3n formal entre Port Miami y los representantes de cada provincia, con el objetivo de avanzar en una agenda comercial concreta y explorar oportunidades log\u00edsticas en beneficio com\u00fan. <\/span><\/p>\n<p class=\"v1MsoNormal\"><span lang=\"ES-MX\">Adem\u00e1s del gobernador Ra\u00fal Jalil, participaron del encuentro el mandatario anfitri\u00f3n de Santiago del Estero, Gerardo Zamora; el gobernador de Chaco, Leandro Zdero; de Misiones, Hugo Passalacqua; de La Rioja, Ricardo Quintela; la vicegobernadora de Entre R\u00edos, Alicia Griselda Aluani; el ministro de Gobierno y Justicia de Tucum\u00e1n, Regino Amado; el ministro de Producci\u00f3n, Ciencia e Innovaci\u00f3n Tecnol\u00f3gica de C\u00f3rdoba, Pedro Dellarossa; y la subsecretaria de Regi\u00f3n Centro de Santa Fe, Claudia Giaccone.<\/span><\/p>\n","protected":false},"excerpt":{"rendered":"<p>En el marco de la reuni\u00f3n de gobernadores y representantes de las provincias del Norte Grande y el Litoral, que se desarroll\u00f3 en la ciudad de Santiago del Estero, el gobernador Ra\u00fal Jalil, junto a otros mandatarios y funcionarios, particip\u00f3 de una videoconferencia con autoridades del Puerto de Miami, el principal puerto de cruceros del [&hellip;]<\/p>\n","protected":false},"author":2,"featured_media":4051,"comment_status":"open","ping_status":"open","sticky":false,"template":"","format":"standard","meta":{"footnotes":""},"categories":[22,21],"tags":[],"class_list":{"0":"post-4050","1":"post","2":"type-post","3":"status-publish","4":"format-standard","5":"has-post-thumbnail","7":"category-nacionales","8":"category-politica"},"aioseo_notices":[],"_links":{"self":[{"href":"https:\/\/elfaroonline.com.ar\/index.php\/wp-json\/wp\/v2\/posts\/4050","targetHints":{"allow":["GET"]}}],"collection":[{"href":"https:\/\/elfaroonline.com.ar\/index.php\/wp-json\/wp\/v2\/posts"}],"about":[{"href":"https:\/\/elfaroonline.com.ar\/index.php\/wp-json\/wp\/v2\/types\/post"}],"author":[{"embeddable":true,"href":"https:\/\/elfaroonline.com.ar\/index.php\/wp-json\/wp\/v2\/users\/2"}],"replies":[{"embeddable":true,"href":"https:\/\/elfaroonline.com.ar\/index.php\/wp-json\/wp\/v2\/comments?post=4050"}],"version-history":[{"count":1,"href":"https:\/\/elfaroonline.com.ar\/index.php\/wp-json\/wp\/v2\/posts\/4050\/revisions"}],"predecessor-version":[{"id":4052,"href":"https:\/\/elfaroonline.com.ar\/index.php\/wp-json\/wp\/v2\/posts\/4050\/revisions\/4052"}],"wp:featuredmedia":[{"embeddable":true,"href":"https:\/\/elfaroonline.com.ar\/index.php\/wp-json\/wp\/v2\/media\/4051"}],"wp:attachment":[{"href":"https:\/\/elfaroonline.com.ar\/index.php\/wp-json\/wp\/v2\/media?parent=4050"}],"wp:term":[{"taxonomy":"category","embeddable":true,"href":"https:\/\/elfaroonline.com.ar\/index.php\/wp-json\/wp\/v2\/categories?post=4050"},{"taxonomy":"post_tag","embeddable":true,"href":"https:\/\/elfaroonline.com.ar\/index.php\/wp-json\/wp\/v2\/tags?post=4050"}],"curies":[{"name":"wp","href":"https:\/\/api.w.org\/{rel}","templated":true}]}}