{"id":4054,"date":"2025-06-30T11:12:51","date_gmt":"2025-06-30T14:12:51","guid":{"rendered":"https:\/\/elfaroonline.com.ar\/?p=4054"},"modified":"2025-06-30T11:12:51","modified_gmt":"2025-06-30T14:12:51","slug":"educacion-emitio-recomendaciones-ante-las-bajas-temperaturas","status":"publish","type":"post","link":"https:\/\/elfaroonline.com.ar\/index.php\/2025\/06\/30\/educacion-emitio-recomendaciones-ante-las-bajas-temperaturas\/","title":{"rendered":"Educaci\u00f3n emiti\u00f3 recomendaciones ante las bajas temperaturas"},"content":{"rendered":"<div dir=\"ltr\">\n<p class=\"v1MsoNormal\">El Ministerio de Educaci\u00f3n, Ciencia y Tecnolog\u00eda de la provincia de Catamarca emiti\u00f3 una circular dirigida a todas las instituciones educativas de gesti\u00f3n p\u00fablica estatal con una serie de recomendaciones para resguardar la salud y el bienestar de estudiantes, docentes y personal educativo frente a las bajas temperaturas registradas en los \u00faltimos d\u00edas.<\/p>\n<p class=\"v1MsoNormal\">Las recomendaciones son las siguientes:<\/p>\n<p class=\"v1MsoNormal\"><b>1)<\/b> Dispensar a los alumnos de la formaci\u00f3n correspondiente al izamiento y arriamiento de la Ense\u00f1a Patria cuando la misma tenga lugar en un espacio al aire libre.<\/p>\n<p class=\"v1MsoNormal\"><b>2) <\/b>Autorizar a portar el uniforme de invierno de gimnasia, y abrigos como camperas, buzos, guantes, gorros, y otras prendas para el fr\u00edo.<\/p>\n<p class=\"v1MsoNormal\"><b>3) <\/b>Promover la permanencia en el aula durante el recreo en caso de no contar con patios cerrados o salones, pudiendo los estudiantes hacer uso de las instalaciones sanitarias, concurrir a quioscos escolares, as\u00ed como tambi\u00e9n, desarrollar actividades recreativas o de esparcimiento, dentro del aula, mientras dure el receso.<\/p>\n<p class=\"v1MsoNormal\"><b>4) <\/b>Optar preferentemente por el dictado de clases te\u00f3ricas de Educaci\u00f3n F\u00edsica cuando por las bajas temperaturas as\u00ed resulte aconsejable, de igual manera, reducir en lo m\u00e1ximo posible las actividades al aire libre, o bien, de permitirlo las instalaciones, relocalizarse a espacios cerrados.<\/p>\n<p class=\"v1MsoNormal\"><b>5)<\/b> En sinton\u00eda con los lineamientos de las autoridades de Salud, recordar a los estudiantes la adopci\u00f3n de cuidados tales como el lavado constante de manos con agua y jab\u00f3n, el empleo de alcohol en gel, cubrir la boca o nariz al momento de toser o estornudar utilizando un pa\u00f1uelo desechable o el pliegue del codo.<\/p>\n<p class=\"v1MsoNormal\"><b>6) <\/b>Se solicita a los docentes estar atentos ante la presencia de s\u00edntomas gripales, afecciones respiratorias, u otras, por parte de los estudiantes, a los fines de que las autoridades de la instituci\u00f3n contacten a los padres o responsables del o la menor para que les procuren las atenciones o cuidados m\u00e9dicos que sean necesarios.<\/p>\n<p class=\"v1MsoNormal\"><b>7)<\/b> Ventilar, a la conclusi\u00f3n de las actividades, las aulas y dem\u00e1s ambientes cerrados.<\/p>\n<p class=\"v1MsoNormal\"><b>8)<\/b> Ante temperaturas extremadamente bajas o posibles nevadas, sobre todo en el interior provincial, las autoridades del establecimiento podr\u00e1n -de manera estrictamente excepcional- sustituir, mientras dure la inclemencia clim\u00e1tica, las clases presenciales por clases virtuales, utilizando plataformas digitales oficiales tales como Classroom, Zoom o Meet, y cartillas de actividades para quienes no posean adecuada conectividad. Ser\u00e1 exclusiva responsabilidad de los directivos de la instituci\u00f3n constatar el efectivo dictado de clases, la continuidad pedag\u00f3gica de los educandos y el empleo de plataformas tecnol\u00f3gicas con los alumnos \u00fanicamente con fines educativos.<\/p>\n<p class=\"v1MsoNormal\"><b>9) <\/b>Para el supuesto del inciso 8, las autoridades del establecimiento deber\u00e1n, sin excepci\u00f3n y por la v\u00eda jer\u00e1rquica correspondiente, poner en conocimiento de la respectiva Direcci\u00f3n de Nivel, la adopci\u00f3n de la mentada medida, pudiendo estas \u00faltimas efectuar observaciones, sugerencias y dem\u00e1s recomendaciones que, por las circunstancias del caso concreto, estime corresponder.<\/p>\n<p class=\"v1MsoNormal\">Asimismo, por los fines expuestos, se aconseja a los Establecimientos Educativos de Gesti\u00f3n Privada, adoptar medidas coincidentes a las que anteceden.<\/p>\n<\/div>\n","protected":false},"excerpt":{"rendered":"<p>El Ministerio de Educaci\u00f3n, Ciencia y Tecnolog\u00eda de la provincia de Catamarca emiti\u00f3 una circular dirigida a todas las instituciones educativas de gesti\u00f3n p\u00fablica estatal con una serie de recomendaciones para resguardar la salud y el bienestar de estudiantes, docentes y personal educativo frente a las bajas temperaturas registradas en los \u00faltimos d\u00edas. Las recomendaciones [&hellip;]<\/p>\n","protected":false},"author":2,"featured_media":4055,"comment_status":"open","ping_status":"open","sticky":false,"template":"","format":"standard","meta":{"footnotes":""},"categories":[23,20],"tags":[],"class_list":{"0":"post-4054","1":"post","2":"type-post","3":"status-publish","4":"format-standard","5":"has-post-thumbnail","7":"category-destacados","8":"category-sociedad"},"aioseo_notices":[],"_links":{"self":[{"href":"https:\/\/elfaroonline.com.ar\/index.php\/wp-json\/wp\/v2\/posts\/4054","targetHints":{"allow":["GET"]}}],"collection":[{"href":"https:\/\/elfaroonline.com.ar\/index.php\/wp-json\/wp\/v2\/posts"}],"about":[{"href":"https:\/\/elfaroonline.com.ar\/index.php\/wp-json\/wp\/v2\/types\/post"}],"author":[{"embeddable":true,"href":"https:\/\/elfaroonline.com.ar\/index.php\/wp-json\/wp\/v2\/users\/2"}],"replies":[{"embeddable":true,"href":"https:\/\/elfaroonline.com.ar\/index.php\/wp-json\/wp\/v2\/comments?post=4054"}],"version-history":[{"count":1,"href":"https:\/\/elfaroonline.com.ar\/index.php\/wp-json\/wp\/v2\/posts\/4054\/revisions"}],"predecessor-version":[{"id":4056,"href":"https:\/\/elfaroonline.com.ar\/index.php\/wp-json\/wp\/v2\/posts\/4054\/revisions\/4056"}],"wp:featuredmedia":[{"embeddable":true,"href":"https:\/\/elfaroonline.com.ar\/index.php\/wp-json\/wp\/v2\/media\/4055"}],"wp:attachment":[{"href":"https:\/\/elfaroonline.com.ar\/index.php\/wp-json\/wp\/v2\/media?parent=4054"}],"wp:term":[{"taxonomy":"category","embeddable":true,"href":"https:\/\/elfaroonline.com.ar\/index.php\/wp-json\/wp\/v2\/categories?post=4054"},{"taxonomy":"post_tag","embeddable":true,"href":"https:\/\/elfaroonline.com.ar\/index.php\/wp-json\/wp\/v2\/tags?post=4054"}],"curies":[{"name":"wp","href":"https:\/\/api.w.org\/{rel}","templated":true}]}}