{"id":4057,"date":"2025-06-30T11:12:33","date_gmt":"2025-06-30T14:12:33","guid":{"rendered":"https:\/\/elfaroonline.com.ar\/?p=4057"},"modified":"2025-06-30T11:12:33","modified_gmt":"2025-06-30T14:12:33","slug":"la-provincia-realizara-aporte-economico-para-la-construccion-de-un-polideportivo-en-los-altos","status":"publish","type":"post","link":"https:\/\/elfaroonline.com.ar\/index.php\/2025\/06\/30\/la-provincia-realizara-aporte-economico-para-la-construccion-de-un-polideportivo-en-los-altos\/","title":{"rendered":"La Provincia realizar\u00e1 aporte econ\u00f3mico para la construcci\u00f3n de un Polideportivo en Los Altos"},"content":{"rendered":"<p class=\"v1MsoNormal\">El gobernador Ra\u00fal Jalil mantuvo una reuni\u00f3n con el intendente de Los Altos, Ra\u00fal Barot, para analizar el avance de obras en el municipio. En el encuentro, el mandatario provincial se comprometi\u00f3 a realizar un aporte econ\u00f3mico para la construcci\u00f3n de un polideportivo, una obra de infraestructura deportiva que tendr\u00e1 un fuerte impacto social y deportivo en la comunidad.<\/p>\n<p class=\"v1MsoNormal\">Se debe recordar que, en materia de infraestructura deportiva, actualmente el Gobierno provincial lleva adelante la construcci\u00f3n -en etapa avanzada- del primer Polideportivo en Valle Viejo y el Polideportivo en el Barrio 1.000 Viviendas. Esto, adem\u00e1s, de las obras en 16 clubes del territorio provincial, muchas de ellas ya inauguradas como en los clubes Montmartre, Olimpia, Red Star, San Mart\u00edn de El Ba\u00f1ado, Ateneo Mariano Moreno, entre otros.<\/p>\n<p class=\"v1MsoNormal\"><b>Plan de Asfaltado y aguinaldo <\/b><\/p>\n<p class=\"v1MsoNormal\">Por otra parte, las autoridades repasaron los avances del Plan de Asfaltado que ejecuta Vialidad Provincial en conjunto con el municipio. En esta primera etapa, los trabajos se concentran en el pavimento de calles del barrio San Jos\u00e9 y el barrio 40 Viviendas, donde se ha realizado buena parte del trabajo planificado.<\/p>\n<p class=\"v1MsoNormal\">En otro tramo del di\u00e1logo, el intendente Barot destac\u00f3 la decisi\u00f3n pol\u00edtica del gobernador Ra\u00fal Jalil de garantizar el pago del aguinaldo para los empleados municipales, en un contexto econ\u00f3mico complejo para las administraciones locales.<\/p>\n<p class=\"v1MsoNormal\">&#8220;Valoramos profundamente el acompa\u00f1amiento del Gobierno provincial, que nos permite cumplir con nuestras obligaciones y llevar tranquilidad a nuestras trabajadoras y trabajadores a pesar del injusto recorte de recursos que realizan desde la Naci\u00f3n&#8221;, subray\u00f3 el jefe comunal.<\/p>\n","protected":false},"excerpt":{"rendered":"<p>El gobernador Ra\u00fal Jalil mantuvo una reuni\u00f3n con el intendente de Los Altos, Ra\u00fal Barot, para analizar el avance de obras en el municipio. En el encuentro, el mandatario provincial se comprometi\u00f3 a realizar un aporte econ\u00f3mico para la construcci\u00f3n de un polideportivo, una obra de infraestructura deportiva que tendr\u00e1 un fuerte impacto social y [&hellip;]<\/p>\n","protected":false},"author":2,"featured_media":4058,"comment_status":"open","ping_status":"open","sticky":false,"template":"","format":"standard","meta":{"footnotes":""},"categories":[21],"tags":[],"class_list":{"0":"post-4057","1":"post","2":"type-post","3":"status-publish","4":"format-standard","5":"has-post-thumbnail","7":"category-politica"},"aioseo_notices":[],"_links":{"self":[{"href":"https:\/\/elfaroonline.com.ar\/index.php\/wp-json\/wp\/v2\/posts\/4057","targetHints":{"allow":["GET"]}}],"collection":[{"href":"https:\/\/elfaroonline.com.ar\/index.php\/wp-json\/wp\/v2\/posts"}],"about":[{"href":"https:\/\/elfaroonline.com.ar\/index.php\/wp-json\/wp\/v2\/types\/post"}],"author":[{"embeddable":true,"href":"https:\/\/elfaroonline.com.ar\/index.php\/wp-json\/wp\/v2\/users\/2"}],"replies":[{"embeddable":true,"href":"https:\/\/elfaroonline.com.ar\/index.php\/wp-json\/wp\/v2\/comments?post=4057"}],"version-history":[{"count":1,"href":"https:\/\/elfaroonline.com.ar\/index.php\/wp-json\/wp\/v2\/posts\/4057\/revisions"}],"predecessor-version":[{"id":4059,"href":"https:\/\/elfaroonline.com.ar\/index.php\/wp-json\/wp\/v2\/posts\/4057\/revisions\/4059"}],"wp:featuredmedia":[{"embeddable":true,"href":"https:\/\/elfaroonline.com.ar\/index.php\/wp-json\/wp\/v2\/media\/4058"}],"wp:attachment":[{"href":"https:\/\/elfaroonline.com.ar\/index.php\/wp-json\/wp\/v2\/media?parent=4057"}],"wp:term":[{"taxonomy":"category","embeddable":true,"href":"https:\/\/elfaroonline.com.ar\/index.php\/wp-json\/wp\/v2\/categories?post=4057"},{"taxonomy":"post_tag","embeddable":true,"href":"https:\/\/elfaroonline.com.ar\/index.php\/wp-json\/wp\/v2\/tags?post=4057"}],"curies":[{"name":"wp","href":"https:\/\/api.w.org\/{rel}","templated":true}]}}