{"id":4066,"date":"2025-06-30T11:11:34","date_gmt":"2025-06-30T14:11:34","guid":{"rendered":"https:\/\/elfaroonline.com.ar\/?p=4066"},"modified":"2025-06-30T11:11:34","modified_gmt":"2025-06-30T14:11:34","slug":"nueva-amenaza-del-regimen-irani-el-gran-ayatollah-makarem-shirazi-pidio-un-castigo-severo-contra-trump","status":"publish","type":"post","link":"https:\/\/elfaroonline.com.ar\/index.php\/2025\/06\/30\/nueva-amenaza-del-regimen-irani-el-gran-ayatollah-makarem-shirazi-pidio-un-castigo-severo-contra-trump\/","title":{"rendered":"Nueva amenaza del r\u00e9gimen iran\u00ed: el gran ayatollah Makarem Shirazi pidi\u00f3 un \u201ccastigo severo\u201d contra Trump"},"content":{"rendered":"<p>En una reciente <i>fatwa<\/i>, el gran ayatollah <b>Nasser Makarem Shirazi<\/b> dictamin\u00f3 que cualquier persona o r\u00e9gimen que \u201camenace\u201d al <b>l\u00edder supremo de Ir\u00e1n, Ali Khamenei<\/b>, o a las m\u00e1ximas autoridades religiosas chiitas \u2014conocidas como <i>marja<\/i>\u2014 ser\u00e1 considerado \u201c<b>enemigo de Dios<\/b>\u201d y culpable del delito de <i><b>moharebeh<\/b><\/i>, una figura penal que implica \u201chacer la guerra contra Dios\u201d. Esta acusaci\u00f3n, en la legislaci\u00f3n iran\u00ed, puede conllevar penas tan severas como la <b>ejecuci\u00f3n<\/b>, la <b>amputaci\u00f3n<\/b> o el <b>exilio<\/b>.<\/p>\n<p>El l\u00edder religioso emiti\u00f3 una fatwa luego de que Teher\u00e1n acusara al presidente estadounidense y a altos funcionarios israel\u00edes de \u201camenazar\u201d al l\u00edder supremo Ali Khamenei.<\/p>\n<p class=\"paragraph\" data-mrf-recirculation=\"Links inline\">\u201cCualquiera que amenace o intente agredir a la autoridad religiosa de la Ummah isl\u00e1mica es culpable de moharebeh y ser\u00e1 tratado como tal\u201d, afirm\u00f3 el ayatol\u00e1 en su declaraci\u00f3n, recogida tambi\u00e9n por medios estatales iran\u00edes. Asimismo, inst\u00f3 a los musulmanes de todo el mundo a oponerse con firmeza a tales amenazas, asegurando que quienes sufran dificultades por ello ser\u00e1n considerados <b>muyahidines<\/b>.<\/p>\n<p class=\"paragraph\" data-mrf-recirculation=\"Links inline\">El cargo de moharebeh, que ya ha sido invocado contra manifestantes y opositores pol\u00edticos, se encuentra entre los m\u00e1s severos del c\u00f3digo penal iran\u00ed. Su aplicaci\u00f3n ha sido objeto de <b>cr\u00edticas internacionales<\/b>, especialmente por su vaguedad y por haber sido usada para justificar represalias contra la disidencia. No obstante, la nueva<i> fatwa<\/i>introduce una dimensi\u00f3n expl\u00edcitamente religiosa y geopol\u00edtica, al equiparar amenazas de l\u00edderes extranjeros a una ofensiva contra el Islam chiita.<\/p>\n<p class=\"paragraph\" data-mrf-recirculation=\"Links inline\">El viernes pasado, el presidente de Estados Unidos dijo ya no contemplaba suavizar las sanciones impuestas al r\u00e9gimen de Ir\u00e1n <b>tras el discurso de \u201codio\u201d<\/b> pronunciado el jueves por Ali Khamenei.<\/p>\n<p class=\"paragraph\" data-mrf-recirculation=\"Links inline\"><b>\u201cLo salv\u00e9 de una muerte muy fea y humillante<\/b> y no tiene por qu\u00e9 decir: gracias, presidente Trump\u201d, declar\u00f3 el inquilino de la Casa Blanca, al reiterar que conoce su paradero y evit\u00f3 un ataque por parte de fuerzas estadounidenses o israel\u00edes, y<b>recrimin\u00f3 de manera particular a Khamenei que dijese que Ir\u00e1n hab\u00eda \u201cganado la guerra\u201d cuando \u201csabe que es una mentira\u201d<\/b>. \u201cSe supone que un hombre tan creyente no deber\u00eda mentir\u201d, a\u00f1adi\u00f3.<\/p>\n<p class=\"paragraph\" data-mrf-recirculation=\"Links inline\">Desde el a\u00f1o 2020, cuando fue abatido <b>Qassem Soleimani<\/b>, ex comandante de la Fuerza Quds de la Guardia Revolucionaria, en un ataque con drones de EEUU, el presidente norteamericano es blanco de constantes amenazas por parte del r\u00e9gimen de los ayatol\u00e1s.<\/p>\n<p class=\"paragraph\" data-mrf-recirculation=\"Links inline\">En ese contexto, <b>la Guardia Revolucionaria y los l\u00edderes del clero chiita redoblan sus amenazas de represalias<\/b>, y elevan el tono religioso de su narrativa. El ex presidente de la Asamblea de Expertos de Ir\u00e1n, Ahmad Jannati, advirti\u00f3 tiempo atr\u00e1s que los responsables de la muerte de Soleimani \u201cnunca estar\u00e1n a salvo\u201d, insinuando que las acciones de venganza pueden estar a\u00fan por concretarse. Tambi\u00e9n afirm\u00f3 que quienes colaboren con los enemigos del l\u00edder supremo deben ser tratados como c\u00f3mplices, una afirmaci\u00f3n que deja abierta la puerta a sanciones o castigos para ciudadanos o gobiernos considerados aliados de EEUU o Israel.<\/p>\n<p class=\"paragraph\" data-mrf-recirculation=\"Links inline\">La figura del <i>marja<\/i> en la tradici\u00f3n chiita es central. Se trata de las m\u00e1ximas autoridades jur\u00eddicas y espirituales, cuyas decisiones gu\u00edan a millones de creyentes. La defensa de estas figuras por parte de Makarem Shirazi refleja <b>la \u00edntima relaci\u00f3n entre el poder religioso y el pol\u00edtico<\/b> en Ir\u00e1n, donde la legitimidad del Estado se sustenta en una interpretaci\u00f3n teocr\u00e1tica del islam. El Ayatol\u00e1 tambi\u00e9n se\u00f1al\u00f3 que est\u00e1 prohibido para cualquier musulm\u00e1n colaborar con quienes amenacen al l\u00edder o a los marja.<\/p>\n","protected":false},"excerpt":{"rendered":"<p>En una reciente fatwa, el gran ayatollah Nasser Makarem Shirazi dictamin\u00f3 que cualquier persona o r\u00e9gimen que \u201camenace\u201d al l\u00edder supremo de Ir\u00e1n, Ali Khamenei, o a las m\u00e1ximas autoridades religiosas chiitas \u2014conocidas como marja\u2014 ser\u00e1 considerado \u201cenemigo de Dios\u201d y culpable del delito de moharebeh, una figura penal que implica \u201chacer la guerra contra [&hellip;]<\/p>\n","protected":false},"author":2,"featured_media":4067,"comment_status":"open","ping_status":"open","sticky":false,"template":"","format":"standard","meta":{"footnotes":""},"categories":[24],"tags":[],"class_list":{"0":"post-4066","1":"post","2":"type-post","3":"status-publish","4":"format-standard","5":"has-post-thumbnail","7":"category-mundo"},"aioseo_notices":[],"_links":{"self":[{"href":"https:\/\/elfaroonline.com.ar\/index.php\/wp-json\/wp\/v2\/posts\/4066","targetHints":{"allow":["GET"]}}],"collection":[{"href":"https:\/\/elfaroonline.com.ar\/index.php\/wp-json\/wp\/v2\/posts"}],"about":[{"href":"https:\/\/elfaroonline.com.ar\/index.php\/wp-json\/wp\/v2\/types\/post"}],"author":[{"embeddable":true,"href":"https:\/\/elfaroonline.com.ar\/index.php\/wp-json\/wp\/v2\/users\/2"}],"replies":[{"embeddable":true,"href":"https:\/\/elfaroonline.com.ar\/index.php\/wp-json\/wp\/v2\/comments?post=4066"}],"version-history":[{"count":1,"href":"https:\/\/elfaroonline.com.ar\/index.php\/wp-json\/wp\/v2\/posts\/4066\/revisions"}],"predecessor-version":[{"id":4068,"href":"https:\/\/elfaroonline.com.ar\/index.php\/wp-json\/wp\/v2\/posts\/4066\/revisions\/4068"}],"wp:featuredmedia":[{"embeddable":true,"href":"https:\/\/elfaroonline.com.ar\/index.php\/wp-json\/wp\/v2\/media\/4067"}],"wp:attachment":[{"href":"https:\/\/elfaroonline.com.ar\/index.php\/wp-json\/wp\/v2\/media?parent=4066"}],"wp:term":[{"taxonomy":"category","embeddable":true,"href":"https:\/\/elfaroonline.com.ar\/index.php\/wp-json\/wp\/v2\/categories?post=4066"},{"taxonomy":"post_tag","embeddable":true,"href":"https:\/\/elfaroonline.com.ar\/index.php\/wp-json\/wp\/v2\/tags?post=4066"}],"curies":[{"name":"wp","href":"https:\/\/api.w.org\/{rel}","templated":true}]}}