{"id":4069,"date":"2025-06-30T11:11:15","date_gmt":"2025-06-30T14:11:15","guid":{"rendered":"https:\/\/elfaroonline.com.ar\/?p=4069"},"modified":"2025-06-30T11:11:15","modified_gmt":"2025-06-30T14:11:15","slug":"jeannette-jara-ex-ministra-de-boric-gano-las-primarias-y-sera-la-candidata-presidencial-de-la-izquierda-en-chile","status":"publish","type":"post","link":"https:\/\/elfaroonline.com.ar\/index.php\/2025\/06\/30\/jeannette-jara-ex-ministra-de-boric-gano-las-primarias-y-sera-la-candidata-presidencial-de-la-izquierda-en-chile\/","title":{"rendered":"Jeannette Jara, ex ministra de Boric, gan\u00f3 las primarias y ser\u00e1 la candidata presidencial de la izquierda en Chile"},"content":{"rendered":"<p><b>Jeannette Jara<\/b>, ex ministra de Trabajo del Gobierno de <b>Gabriel Boric<\/b> y militante del Partido Comunista, gan\u00f3 este domingo las primarias progresistas en Chile y ser\u00e1 la candidata de la izquierda en las elecciones presidenciales del pr\u00f3ximo 16 de noviembre.<br \/>\nCon cerca del 45% de los votos escrutados, Jara se impuso con m\u00e1s del 60% de apoyo frente a <b>Carolina Toh\u00e1<\/b>, representante de la socialdemocracia tradicional y ex ministra del Interior durante la actual administraci\u00f3n.<\/p>\n<p>Es la primera ocasi\u00f3n desde el regreso a la democracia en 1990 que un dirigente comunista alcanza la candidatura presidencial unificada de la izquierda chilena. Toh\u00e1, su principal contrincante, tambi\u00e9n integr\u00f3 el n\u00facleo del Ejecutivo de Boric, pero no logr\u00f3 igualar el respaldo alcanzado por Jara.<\/p>\n<p>Abogada y militante comunista, comenz\u00f3 su carrera pol\u00edtica como presidenta de la Federaci\u00f3n de Estudiantes de la Universidad de Santiago de Chile (FEUSACH) en 1997. Fue subsecretaria de Previsi\u00f3n Social durante el Gobierno de Bachelet II, y en 2022 el presidente Boric la nombr\u00f3 ministra del Trabajo y Previsi\u00f3n Social, desde donde logr\u00f3 grandes avances en el Congreso para los trabajadores como la reducci\u00f3n de la jornada laboral a 40 horas semanales y la reforma al sistema de pensiones.<\/p>\n","protected":false},"excerpt":{"rendered":"<p>Jeannette Jara, ex ministra de Trabajo del Gobierno de Gabriel Boric y militante del Partido Comunista, gan\u00f3 este domingo las primarias progresistas en Chile y ser\u00e1 la candidata de la izquierda en las elecciones presidenciales del pr\u00f3ximo 16 de noviembre. Con cerca del 45% de los votos escrutados, Jara se impuso con m\u00e1s del 60% [&hellip;]<\/p>\n","protected":false},"author":2,"featured_media":4070,"comment_status":"open","ping_status":"open","sticky":false,"template":"","format":"standard","meta":{"footnotes":""},"categories":[24],"tags":[],"class_list":{"0":"post-4069","1":"post","2":"type-post","3":"status-publish","4":"format-standard","5":"has-post-thumbnail","7":"category-mundo"},"aioseo_notices":[],"_links":{"self":[{"href":"https:\/\/elfaroonline.com.ar\/index.php\/wp-json\/wp\/v2\/posts\/4069","targetHints":{"allow":["GET"]}}],"collection":[{"href":"https:\/\/elfaroonline.com.ar\/index.php\/wp-json\/wp\/v2\/posts"}],"about":[{"href":"https:\/\/elfaroonline.com.ar\/index.php\/wp-json\/wp\/v2\/types\/post"}],"author":[{"embeddable":true,"href":"https:\/\/elfaroonline.com.ar\/index.php\/wp-json\/wp\/v2\/users\/2"}],"replies":[{"embeddable":true,"href":"https:\/\/elfaroonline.com.ar\/index.php\/wp-json\/wp\/v2\/comments?post=4069"}],"version-history":[{"count":1,"href":"https:\/\/elfaroonline.com.ar\/index.php\/wp-json\/wp\/v2\/posts\/4069\/revisions"}],"predecessor-version":[{"id":4071,"href":"https:\/\/elfaroonline.com.ar\/index.php\/wp-json\/wp\/v2\/posts\/4069\/revisions\/4071"}],"wp:featuredmedia":[{"embeddable":true,"href":"https:\/\/elfaroonline.com.ar\/index.php\/wp-json\/wp\/v2\/media\/4070"}],"wp:attachment":[{"href":"https:\/\/elfaroonline.com.ar\/index.php\/wp-json\/wp\/v2\/media?parent=4069"}],"wp:term":[{"taxonomy":"category","embeddable":true,"href":"https:\/\/elfaroonline.com.ar\/index.php\/wp-json\/wp\/v2\/categories?post=4069"},{"taxonomy":"post_tag","embeddable":true,"href":"https:\/\/elfaroonline.com.ar\/index.php\/wp-json\/wp\/v2\/tags?post=4069"}],"curies":[{"name":"wp","href":"https:\/\/api.w.org\/{rel}","templated":true}]}}