{"id":4072,"date":"2025-06-30T11:10:49","date_gmt":"2025-06-30T14:10:49","guid":{"rendered":"https:\/\/elfaroonline.com.ar\/?p=4072"},"modified":"2025-06-30T11:10:49","modified_gmt":"2025-06-30T14:10:49","slug":"tinogasta-detuvieron-a-cuatro-personas-y-secuestraron-cocaina-y-marihuana","status":"publish","type":"post","link":"https:\/\/elfaroonline.com.ar\/index.php\/2025\/06\/30\/tinogasta-detuvieron-a-cuatro-personas-y-secuestraron-cocaina-y-marihuana\/","title":{"rendered":"Tinogasta: Detuvieron a cuatro personas y secuestraron Coca\u00edna y Marihuana"},"content":{"rendered":"<p class=\"v1MsoNormal\">En el marco de tareas investigativas por supuestas infracciones a la Ley Nacional de Estupefacientes N\u00b0 23.737, con conocimiento e intervenci\u00f3n del Juzgado Federal de Catamarca, personal del <b>Grupo Antinarc\u00f3ticos de Unidades Regionales (GAUR-Tinogasta)<\/b>, perteneciente a la <b>Direcci\u00f3n Drogas Peligrosas de la Polic\u00eda de la Provincia<\/b>, materializ\u00f3 allanamientos en domicilios de la Ciudad de Tinogasta, Dpto. Hom\u00f3nimo.<\/p>\n<p class=\"v1MsoNormal\">En los lugares, los polic\u00edas incautaron sustancias tipo polvo de color blanco y herb\u00e1cea, que al ser sometidas a la prueba de campo correspondiente, arroj\u00f3 como resultado que se tratar\u00edan de Coca\u00edna y 1,202 Kg., de Marihuana respectivamente, como as\u00ed tambi\u00e9n secuestraron un (01) cartucho PG calibre 14, una (01) balanza, un (01) chip, un (01) bl\u00edster con comprimidos con la inscripci\u00f3n &#8220;KLONAL&#8221;, un (01) autom\u00f3vil Chevrolet Corsa y cuatro (04) tel\u00e9fonos celulares.<\/p>\n<p class=\"v1MsoNormal\">Al finalizar las medidas Judiciales, los investigadores procedieron a la detenci\u00f3n de una <b>joven<\/b> <b>mujer<\/b> de <b>18<\/b><b>a\u00f1os<\/b> y de tres personas del <b>sexo<\/b> <b>masculino<\/b> de <b>23<\/b>, <b>24<\/b> y <b>31<\/b> <b>a\u00f1os<\/b> de edad, en tanto que un adolescente de 16 a\u00f1os qued\u00f3 supeditado a la prosecuci\u00f3n de la causa.<\/p>\n","protected":false},"excerpt":{"rendered":"<p>En el marco de tareas investigativas por supuestas infracciones a la Ley Nacional de Estupefacientes N\u00b0 23.737, con conocimiento e intervenci\u00f3n del Juzgado Federal de Catamarca, personal del Grupo Antinarc\u00f3ticos de Unidades Regionales (GAUR-Tinogasta), perteneciente a la Direcci\u00f3n Drogas Peligrosas de la Polic\u00eda de la Provincia, materializ\u00f3 allanamientos en domicilios de la Ciudad de Tinogasta, [&hellip;]<\/p>\n","protected":false},"author":2,"featured_media":4073,"comment_status":"open","ping_status":"open","sticky":false,"template":"","format":"standard","meta":{"footnotes":""},"categories":[27],"tags":[],"class_list":{"0":"post-4072","1":"post","2":"type-post","3":"status-publish","4":"format-standard","5":"has-post-thumbnail","7":"category-policiales"},"aioseo_notices":[],"_links":{"self":[{"href":"https:\/\/elfaroonline.com.ar\/index.php\/wp-json\/wp\/v2\/posts\/4072","targetHints":{"allow":["GET"]}}],"collection":[{"href":"https:\/\/elfaroonline.com.ar\/index.php\/wp-json\/wp\/v2\/posts"}],"about":[{"href":"https:\/\/elfaroonline.com.ar\/index.php\/wp-json\/wp\/v2\/types\/post"}],"author":[{"embeddable":true,"href":"https:\/\/elfaroonline.com.ar\/index.php\/wp-json\/wp\/v2\/users\/2"}],"replies":[{"embeddable":true,"href":"https:\/\/elfaroonline.com.ar\/index.php\/wp-json\/wp\/v2\/comments?post=4072"}],"version-history":[{"count":1,"href":"https:\/\/elfaroonline.com.ar\/index.php\/wp-json\/wp\/v2\/posts\/4072\/revisions"}],"predecessor-version":[{"id":4074,"href":"https:\/\/elfaroonline.com.ar\/index.php\/wp-json\/wp\/v2\/posts\/4072\/revisions\/4074"}],"wp:featuredmedia":[{"embeddable":true,"href":"https:\/\/elfaroonline.com.ar\/index.php\/wp-json\/wp\/v2\/media\/4073"}],"wp:attachment":[{"href":"https:\/\/elfaroonline.com.ar\/index.php\/wp-json\/wp\/v2\/media?parent=4072"}],"wp:term":[{"taxonomy":"category","embeddable":true,"href":"https:\/\/elfaroonline.com.ar\/index.php\/wp-json\/wp\/v2\/categories?post=4072"},{"taxonomy":"post_tag","embeddable":true,"href":"https:\/\/elfaroonline.com.ar\/index.php\/wp-json\/wp\/v2\/tags?post=4072"}],"curies":[{"name":"wp","href":"https:\/\/api.w.org\/{rel}","templated":true}]}}