{"id":4077,"date":"2025-07-04T09:00:27","date_gmt":"2025-07-04T12:00:27","guid":{"rendered":"https:\/\/elfaroonline.com.ar\/?p=4077"},"modified":"2025-07-04T09:00:27","modified_gmt":"2025-07-04T12:00:27","slug":"se-ejecuto-la-primera-etapa-del-plan-de-asfaltado-en-los-altos","status":"publish","type":"post","link":"https:\/\/elfaroonline.com.ar\/index.php\/2025\/07\/04\/se-ejecuto-la-primera-etapa-del-plan-de-asfaltado-en-los-altos\/","title":{"rendered":"Se ejecut\u00f3 la primera etapa del Plan de Asfaltado en Los Altos"},"content":{"rendered":"<p class=\"v1MsoNormal\">El gobernador Ra\u00fal Jalil junto al intendente Ra\u00fal Barot y el equipo del Ministerio de Hacienda y Obras P\u00fablicas, que conduce Juan Marchetti, inauguraron oficialmente la primera etapa de asfaltado en el barrio San Jos\u00e9, en la jurisdicci\u00f3n departamental de Los Altos.<\/p>\n<p class=\"v1MsoNormal\">En esta primera etapa del Plan de Asfaltado Provincial se pavimentaron 1.500 metros en el mencionado barrio, adem\u00e1s de la construcci\u00f3n de cordones y cunetas. Ahora resta una segunda etapa que abarca 1.300 metros m\u00e1s de pavimento que comenzar\u00e1n a ejecutarse desde el lunes pr\u00f3ximo. El Plan de Asfaltado se lleva a cabo en distintas localidades del interior catamarque\u00f1o gracias al trabajo conjunto de Provincia (pone mano de obra y maquinarias) y municipios (aporta el material para asfaltar), que articulan esfuerzos para mejorar la calidad de vida de los vecinos.<\/p>\n<p class=\"v1MsoNormal\">Isabel, vecina de Los Altos, agradeci\u00f3 al mandatario provincial por la materializaci\u00f3n de estas obras, entendiendo que &#8220;es un honor su presencia, puesto que gracias a usted se hizo realidad un sue\u00f1o hermoso como es esta obra en particular&#8221;.<\/p>\n<p class=\"v1MsoNormal\">A su turno, el intendente Ra\u00fal Barot destac\u00f3 que &#8220;es una obra que se realiza gracias al Gobernador y sin aporte de la provincia es dif\u00edcil que se puedan encarar obras de gran magnitud. Ante la crisis y el Gobierno nacional que mira para otro lado, donde la obra p\u00fablica no existe, tenemos un Gobierno provincial que trabaja para la gente, ejecutando obras que son importantes para el crecimiento de vecinos y la ciudad&#8221;.<\/p>\n<p class=\"v1MsoNormal\"><b>Entrega de escrituras <\/b><\/p>\n<p class=\"v1MsoNormal\">En el marco del mismo acto, las autoridades provinciales, con la presencia de la Escribana General de Gobierno, Mar\u00eda Bel\u00e9n Saadi, hicieron entrega de 17 escrituras de parcelas de colonias a vecinos que hab\u00edan realizado las gestiones ante los organismos de ARCAT.<\/p>\n<p class=\"v1MsoNormal\">Los vecinos alte\u00f1os se mostraron emocionados tras recibir sus escrituras, puesto que en el caso de algunos esperaron casi 34 a\u00f1os para tener la documentaci\u00f3n de propiedad.<\/p>\n<p class=\"v1MsoNormal\">Del acto participaron los ministros de Salud, Johana Carrizo, de Desarrollo Productivo, Leonardo Zeballos; el senador departamental F\u00e9lix Jerez; la presidenta de la C\u00e1mara de Diputados, Paola Fedeli; los diputados Mar\u00eda Argerich, Juan Carlos Ledesma, Hern\u00e1n D\u00edaz, entre otras autoridades provinciales y municipales.<\/p>\n","protected":false},"excerpt":{"rendered":"<p>El gobernador Ra\u00fal Jalil junto al intendente Ra\u00fal Barot y el equipo del Ministerio de Hacienda y Obras P\u00fablicas, que conduce Juan Marchetti, inauguraron oficialmente la primera etapa de asfaltado en el barrio San Jos\u00e9, en la jurisdicci\u00f3n departamental de Los Altos. En esta primera etapa del Plan de Asfaltado Provincial se pavimentaron 1.500 metros [&hellip;]<\/p>\n","protected":false},"author":2,"featured_media":4078,"comment_status":"open","ping_status":"open","sticky":false,"template":"","format":"standard","meta":{"footnotes":""},"categories":[23,21],"tags":[],"class_list":{"0":"post-4077","1":"post","2":"type-post","3":"status-publish","4":"format-standard","5":"has-post-thumbnail","7":"category-destacados","8":"category-politica"},"aioseo_notices":[],"_links":{"self":[{"href":"https:\/\/elfaroonline.com.ar\/index.php\/wp-json\/wp\/v2\/posts\/4077","targetHints":{"allow":["GET"]}}],"collection":[{"href":"https:\/\/elfaroonline.com.ar\/index.php\/wp-json\/wp\/v2\/posts"}],"about":[{"href":"https:\/\/elfaroonline.com.ar\/index.php\/wp-json\/wp\/v2\/types\/post"}],"author":[{"embeddable":true,"href":"https:\/\/elfaroonline.com.ar\/index.php\/wp-json\/wp\/v2\/users\/2"}],"replies":[{"embeddable":true,"href":"https:\/\/elfaroonline.com.ar\/index.php\/wp-json\/wp\/v2\/comments?post=4077"}],"version-history":[{"count":1,"href":"https:\/\/elfaroonline.com.ar\/index.php\/wp-json\/wp\/v2\/posts\/4077\/revisions"}],"predecessor-version":[{"id":4079,"href":"https:\/\/elfaroonline.com.ar\/index.php\/wp-json\/wp\/v2\/posts\/4077\/revisions\/4079"}],"wp:featuredmedia":[{"embeddable":true,"href":"https:\/\/elfaroonline.com.ar\/index.php\/wp-json\/wp\/v2\/media\/4078"}],"wp:attachment":[{"href":"https:\/\/elfaroonline.com.ar\/index.php\/wp-json\/wp\/v2\/media?parent=4077"}],"wp:term":[{"taxonomy":"category","embeddable":true,"href":"https:\/\/elfaroonline.com.ar\/index.php\/wp-json\/wp\/v2\/categories?post=4077"},{"taxonomy":"post_tag","embeddable":true,"href":"https:\/\/elfaroonline.com.ar\/index.php\/wp-json\/wp\/v2\/tags?post=4077"}],"curies":[{"name":"wp","href":"https:\/\/api.w.org\/{rel}","templated":true}]}}