{"id":4080,"date":"2025-07-04T08:59:56","date_gmt":"2025-07-04T11:59:56","guid":{"rendered":"https:\/\/elfaroonline.com.ar\/?p=4080"},"modified":"2025-07-04T08:59:56","modified_gmt":"2025-07-04T11:59:56","slug":"mas-de-3-700-usuarios-del-este-veran-mejorado-el-servicio-electrico-con-la-nueva-estacion-transformadora-las-canas","status":"publish","type":"post","link":"https:\/\/elfaroonline.com.ar\/index.php\/2025\/07\/04\/mas-de-3-700-usuarios-del-este-veran-mejorado-el-servicio-electrico-con-la-nueva-estacion-transformadora-las-canas\/","title":{"rendered":"M\u00e1s de 3.700 usuarios del Este ver\u00e1n mejorado el servicio el\u00e9ctrico con la nueva Estaci\u00f3n Transformadora Las Ca\u00f1as"},"content":{"rendered":"<p class=\"v1MsoNormal\">Este jueves el gobernador Ra\u00fal Jalil encabez\u00f3 una importante agenda de actividades en el departamento Santa Rosa. En el inicio de la jornada, junto al intendente Mario P\u00e1ez y el ministro de Agua, Energ\u00eda y Medio Ambiente, Eduardo Niederle, dej\u00f3 inaugurada una Estaci\u00f3n Transformadora (ET) Las Ca\u00f1as, obra fundamental para mejorar el servicio el\u00e9ctrico y acompa\u00f1ar el crecimiento de la demanda energ\u00e9tica en Santa Rosa, El Alto y otras localidades del Este catamarque\u00f1o.<\/p>\n<p class=\"v1MsoNormal\">La nueva estaci\u00f3n fue ejecutada con fondos provinciales, a trav\u00e9s de la empresa estatal EC SAPEM y el Ministerio de Agua, Energ\u00eda y Medio Ambiente, y beneficiar\u00e1 directamente a m\u00e1s de 3.700 habitantes.<\/p>\n<p class=\"v1MsoNormal\">En el acto inaugural, el gobernador Ra\u00fal Jalil destac\u00f3 la importancia estrat\u00e9gica de esta inversi\u00f3n y resalt\u00f3 el trabajo conjunto entre el Gobierno provincial, los municipios y el sector privado. &#8220;Esta obra va a tener un efecto multiplicador muy importante en la agricultura, el turismo y en dejar de depender de la energ\u00eda que proviene de otras provincias. Seguimos invirtiendo en caminos, obras de energ\u00eda y desarrollando un plan integral para el Este catamarque\u00f1o&#8221;, afirm\u00f3.<\/p>\n<p class=\"v1MsoNormal\">El intendente de Santa Rosa, Mario P\u00e1ez, tambi\u00e9n celebr\u00f3 la puesta en marcha de la Estaci\u00f3n Transformadora, que calific\u00f3 como &#8220;una obra muy importante para los santarrose\u00f1os y para El Alto. Esta obra es de todos. Es para Santa Rosa y demuestra, una vez m\u00e1s, que tenemos un gobernador que prioriza al interior&#8221;, afirm\u00f3 el jefe comunal.<\/p>\n<p class=\"v1MsoNormal\">La nueva Estaci\u00f3n Transformadora responde al sostenido crecimiento del consumo el\u00e9ctrico en el interior provincial, tanto en el sector residencial como en actividades productivas, especialmente las agr\u00edcolas y ganaderas que dependen del riego con extracci\u00f3n de agua subterr\u00e1nea.<\/p>\n<p class=\"v1MsoNormal\">La Estaci\u00f3n se alimenta desde la l\u00ednea de alta tensi\u00f3n 132 kV Huacra\u2013La Calera e incorpora un transformador de potencia de 30 MVA. Adem\u00e1s, cuenta con tres salidas en 33 kV y dos en 13,2 kV, operadas con celdas compactas de \u00faltima generaci\u00f3n. Est\u00e1 equipada con tecnolog\u00eda avanzada de comunicaciones \u2013fibra \u00f3ptica y onda portadora\u2013 que permite su automatizaci\u00f3n y sincronizaci\u00f3n en tiempo real con otras estaciones de la red.<\/p>\n<p class=\"v1MsoNormal\">El Gobernador estuvo acompa\u00f1ado por la presidenta de la C\u00e1mara de Diputados, Paola Fedelli; el ministro de Hacienda y Obras P\u00fablicas, Juan Marchetti; la ministra de Salud, Johana Carrizo; los intendentes Eduardo Menecier (Pacl\u00edn) y Ra\u00fal Barot (Los Altos); los diputados provinciales Mar\u00eda Argerich y Juan Carlos Ledesma; y el senador Augusto Ojeda, entre otras autoridades provinciales y municipales.<\/p>\n","protected":false},"excerpt":{"rendered":"<p>Este jueves el gobernador Ra\u00fal Jalil encabez\u00f3 una importante agenda de actividades en el departamento Santa Rosa. En el inicio de la jornada, junto al intendente Mario P\u00e1ez y el ministro de Agua, Energ\u00eda y Medio Ambiente, Eduardo Niederle, dej\u00f3 inaugurada una Estaci\u00f3n Transformadora (ET) Las Ca\u00f1as, obra fundamental para mejorar el servicio el\u00e9ctrico y [&hellip;]<\/p>\n","protected":false},"author":2,"featured_media":4081,"comment_status":"open","ping_status":"open","sticky":false,"template":"","format":"standard","meta":{"footnotes":""},"categories":[23,20],"tags":[],"class_list":{"0":"post-4080","1":"post","2":"type-post","3":"status-publish","4":"format-standard","5":"has-post-thumbnail","7":"category-destacados","8":"category-sociedad"},"aioseo_notices":[],"_links":{"self":[{"href":"https:\/\/elfaroonline.com.ar\/index.php\/wp-json\/wp\/v2\/posts\/4080","targetHints":{"allow":["GET"]}}],"collection":[{"href":"https:\/\/elfaroonline.com.ar\/index.php\/wp-json\/wp\/v2\/posts"}],"about":[{"href":"https:\/\/elfaroonline.com.ar\/index.php\/wp-json\/wp\/v2\/types\/post"}],"author":[{"embeddable":true,"href":"https:\/\/elfaroonline.com.ar\/index.php\/wp-json\/wp\/v2\/users\/2"}],"replies":[{"embeddable":true,"href":"https:\/\/elfaroonline.com.ar\/index.php\/wp-json\/wp\/v2\/comments?post=4080"}],"version-history":[{"count":1,"href":"https:\/\/elfaroonline.com.ar\/index.php\/wp-json\/wp\/v2\/posts\/4080\/revisions"}],"predecessor-version":[{"id":4082,"href":"https:\/\/elfaroonline.com.ar\/index.php\/wp-json\/wp\/v2\/posts\/4080\/revisions\/4082"}],"wp:featuredmedia":[{"embeddable":true,"href":"https:\/\/elfaroonline.com.ar\/index.php\/wp-json\/wp\/v2\/media\/4081"}],"wp:attachment":[{"href":"https:\/\/elfaroonline.com.ar\/index.php\/wp-json\/wp\/v2\/media?parent=4080"}],"wp:term":[{"taxonomy":"category","embeddable":true,"href":"https:\/\/elfaroonline.com.ar\/index.php\/wp-json\/wp\/v2\/categories?post=4080"},{"taxonomy":"post_tag","embeddable":true,"href":"https:\/\/elfaroonline.com.ar\/index.php\/wp-json\/wp\/v2\/tags?post=4080"}],"curies":[{"name":"wp","href":"https:\/\/api.w.org\/{rel}","templated":true}]}}