{"id":4083,"date":"2025-07-04T08:59:01","date_gmt":"2025-07-04T11:59:01","guid":{"rendered":"https:\/\/elfaroonline.com.ar\/?p=4083"},"modified":"2025-07-04T08:59:01","modified_gmt":"2025-07-04T11:59:01","slug":"con-la-tarifa-de-interes-social-familias-catamarquenas-tendran-un-importante-ahorro-en-la-factura-de-energia","status":"publish","type":"post","link":"https:\/\/elfaroonline.com.ar\/index.php\/2025\/07\/04\/con-la-tarifa-de-interes-social-familias-catamarquenas-tendran-un-importante-ahorro-en-la-factura-de-energia\/","title":{"rendered":"Con la Tarifa de Inter\u00e9s Social, familias catamarque\u00f1as tendr\u00e1n un importante ahorro en la factura de energ\u00eda"},"content":{"rendered":"<div dir=\"ltr\">\n<p class=\"v1MsoNormal\"><i>El Gobierno provincial inform\u00f3 a senadores detalles de la medida para reducir el impacto del ajuste nacional en la tarifa energ\u00e9tica. <\/i><\/p>\n<p class=\"v1MsoNormal\">El gobernador Ra\u00fal Jalil, junto al vicegobernador Rub\u00e9n Dusso, encabez\u00f3 una reuni\u00f3n informativa con senadores provinciales, en la que autoridades de EC SAPEM detallaron el impacto del beneficio de la Tarifa Energ\u00e9tica de Inter\u00e9s Social (TIS), en un contexto de ajuste permanente de la tarifa por parte de la Secretar\u00eda de Energ\u00eda de la Naci\u00f3n.<\/p>\n<p class=\"v1MsoNormal\">El vicepresidente de la empresa, Eduardo Cusillo, y la gerenta comercial, Marcela Molina brindaron detalles a los legisladores sobre la medida que tiene como objetivo aliviar el impacto de los aumentos nacionales en la tarifa el\u00e9ctrica, especialmente para los sectores de menores ingresos. Se inform\u00f3 que la meta es duplicar el padr\u00f3n de beneficiarios y alcanzar a m\u00e1s de 27.000 hogares catamarque\u00f1os para lo que se pondr\u00e1 en marcha un reempadronamiento de usuarios en los pr\u00f3ximos d\u00edas.<\/p>\n<p class=\"v1MsoNormal\">Las autoridades de la empresa ejemplificaron, mediante un cuadro comparativo, que, para un consumo bimestral de 500 kWh, un usuario N2 (menores ingresos) abona actualmente $38.500, con TIS pagar\u00e1 $12.960.<\/p>\n<p class=\"v1MsoNormal\">En la misma l\u00ednea, para un consumo de 1000 kWh, un usuario N2 (sin subsidio) paga $72,.736, mientras que si ingresa al beneficio de la Tarifa de Inter\u00e9s Social abonar\u00e1 $45.775.<\/p>\n<p class=\"v1MsoNormal\">Los senadores presentes recibieron informaci\u00f3n sobre el impacto de la medida en sus respectivas jurisdicciones y la importancia de ampliar el padr\u00f3n de usuarios alcanzados por este beneficio. El objetivo central de la TIS es mitigar el peso de las facturas el\u00e9ctricas, garantizando una tarifa acorde al nivel de ingresos y situaci\u00f3n socioecon\u00f3mica de los hogares.<\/p>\n<p class=\"v1MsoNormal\">Se debe recordar que, el beneficio de la tarifa de Inter\u00e9s Social (TIS) subsidia el 100% de los primeros 400 KWH bimestrales o 200 KWH Mensuales + el 50% del Cargo Fijo de la factura de Energ\u00eda, esto, siempre y cuando el usuario no supere los 1000 KWH bimestrales de consumo.<\/p>\n<\/div>\n","protected":false},"excerpt":{"rendered":"<p>El Gobierno provincial inform\u00f3 a senadores detalles de la medida para reducir el impacto del ajuste nacional en la tarifa energ\u00e9tica. El gobernador Ra\u00fal Jalil, junto al vicegobernador Rub\u00e9n Dusso, encabez\u00f3 una reuni\u00f3n informativa con senadores provinciales, en la que autoridades de EC SAPEM detallaron el impacto del beneficio de la Tarifa Energ\u00e9tica de Inter\u00e9s [&hellip;]<\/p>\n","protected":false},"author":2,"featured_media":4084,"comment_status":"open","ping_status":"open","sticky":false,"template":"","format":"standard","meta":{"footnotes":""},"categories":[20],"tags":[],"class_list":{"0":"post-4083","1":"post","2":"type-post","3":"status-publish","4":"format-standard","5":"has-post-thumbnail","7":"category-sociedad"},"aioseo_notices":[],"_links":{"self":[{"href":"https:\/\/elfaroonline.com.ar\/index.php\/wp-json\/wp\/v2\/posts\/4083","targetHints":{"allow":["GET"]}}],"collection":[{"href":"https:\/\/elfaroonline.com.ar\/index.php\/wp-json\/wp\/v2\/posts"}],"about":[{"href":"https:\/\/elfaroonline.com.ar\/index.php\/wp-json\/wp\/v2\/types\/post"}],"author":[{"embeddable":true,"href":"https:\/\/elfaroonline.com.ar\/index.php\/wp-json\/wp\/v2\/users\/2"}],"replies":[{"embeddable":true,"href":"https:\/\/elfaroonline.com.ar\/index.php\/wp-json\/wp\/v2\/comments?post=4083"}],"version-history":[{"count":1,"href":"https:\/\/elfaroonline.com.ar\/index.php\/wp-json\/wp\/v2\/posts\/4083\/revisions"}],"predecessor-version":[{"id":4085,"href":"https:\/\/elfaroonline.com.ar\/index.php\/wp-json\/wp\/v2\/posts\/4083\/revisions\/4085"}],"wp:featuredmedia":[{"embeddable":true,"href":"https:\/\/elfaroonline.com.ar\/index.php\/wp-json\/wp\/v2\/media\/4084"}],"wp:attachment":[{"href":"https:\/\/elfaroonline.com.ar\/index.php\/wp-json\/wp\/v2\/media?parent=4083"}],"wp:term":[{"taxonomy":"category","embeddable":true,"href":"https:\/\/elfaroonline.com.ar\/index.php\/wp-json\/wp\/v2\/categories?post=4083"},{"taxonomy":"post_tag","embeddable":true,"href":"https:\/\/elfaroonline.com.ar\/index.php\/wp-json\/wp\/v2\/tags?post=4083"}],"curies":[{"name":"wp","href":"https:\/\/api.w.org\/{rel}","templated":true}]}}