{"id":4086,"date":"2025-07-04T08:58:35","date_gmt":"2025-07-04T11:58:35","guid":{"rendered":"https:\/\/elfaroonline.com.ar\/?p=4086"},"modified":"2025-07-04T08:58:35","modified_gmt":"2025-07-04T11:58:35","slug":"catamarca-fortalece-vinculos-con-japon-para-el-desarrollo-minero-y-tecnologico","status":"publish","type":"post","link":"https:\/\/elfaroonline.com.ar\/index.php\/2025\/07\/04\/catamarca-fortalece-vinculos-con-japon-para-el-desarrollo-minero-y-tecnologico\/","title":{"rendered":"Catamarca fortalece v\u00ednculos con Jap\u00f3n para el desarrollo minero y tecnol\u00f3gico"},"content":{"rendered":"<p class=\"v1MsoNormal\">El gobernador Ra\u00fal Jalil recibi\u00f3 a una delegaci\u00f3n de la Agencia de Cooperaci\u00f3n Internacional del Jap\u00f3n (JICA), encabezada por Yoshitaka Hosoi, asesor senior del \u00e1rea de miner\u00eda de la Casa Matriz en Jap\u00f3n. El encuentro se realiz\u00f3 con la presencia de autoridades de CAMYEN, YMAD y el ministro de Miner\u00eda, Marcelo Mur\u00faa.<\/p>\n<p class=\"v1MsoNormal\">La visita de la comitiva japonesa tiene como objetivo profundizar el conocimiento sobre la realidad minera de Catamarca y avanzar en acuerdos de cooperaci\u00f3n en formaci\u00f3n t\u00e9cnica y transferencia de tecnolog\u00eda.<\/p>\n<p class=\"v1MsoNormal\">&#8220;El prop\u00f3sito es doble: conocer de primera mano la actividad minera local y ofrecer oportunidades de capacitaci\u00f3n profesional en Jap\u00f3n para personal del Ministerio y otras \u00e1reas vinculadas al sector&#8221;, explic\u00f3 Mur\u00faa.<\/p>\n<p class=\"v1MsoNormal\">El ministro destac\u00f3 que esta colaboraci\u00f3n permitir\u00e1 que t\u00e9cnicos y profesionales catamarque\u00f1os accedan a conocimientos y tecnolog\u00edas innovadoras desarrolladas en el pa\u00eds asi\u00e1tico, lo que representar\u00e1 un valioso aporte al desarrollo productivo de la provincia.<\/p>\n<p class=\"v1MsoNormal\">Por su parte, Hosoi subray\u00f3 el inter\u00e9s creciente de las empresas japonesas en los recursos minerales de Catamarca. &#8220;Las compa\u00f1\u00edas mineras de Jap\u00f3n tienen mucho inter\u00e9s en esta provincia. He venido a recabar informaci\u00f3n que luego ser\u00e1 trasladada a las empresas para que eval\u00faen posibles inversiones y proyectos&#8221;, se\u00f1al\u00f3.<\/p>\n<p class=\"v1MsoNormal\">La comitiva tambi\u00e9n estuvo integrada por Ayusa Okui, funcionaria del \u00e1rea de Energ\u00eda de JICA, y Cynthia G\u00f3mez, oficial de programas de la oficina de JICA en Argentina.<\/p>\n","protected":false},"excerpt":{"rendered":"<p>El gobernador Ra\u00fal Jalil recibi\u00f3 a una delegaci\u00f3n de la Agencia de Cooperaci\u00f3n Internacional del Jap\u00f3n (JICA), encabezada por Yoshitaka Hosoi, asesor senior del \u00e1rea de miner\u00eda de la Casa Matriz en Jap\u00f3n. El encuentro se realiz\u00f3 con la presencia de autoridades de CAMYEN, YMAD y el ministro de Miner\u00eda, Marcelo Mur\u00faa. La visita de [&hellip;]<\/p>\n","protected":false},"author":2,"featured_media":4087,"comment_status":"open","ping_status":"open","sticky":false,"template":"","format":"standard","meta":{"footnotes":""},"categories":[21],"tags":[],"class_list":{"0":"post-4086","1":"post","2":"type-post","3":"status-publish","4":"format-standard","5":"has-post-thumbnail","7":"category-politica"},"aioseo_notices":[],"_links":{"self":[{"href":"https:\/\/elfaroonline.com.ar\/index.php\/wp-json\/wp\/v2\/posts\/4086","targetHints":{"allow":["GET"]}}],"collection":[{"href":"https:\/\/elfaroonline.com.ar\/index.php\/wp-json\/wp\/v2\/posts"}],"about":[{"href":"https:\/\/elfaroonline.com.ar\/index.php\/wp-json\/wp\/v2\/types\/post"}],"author":[{"embeddable":true,"href":"https:\/\/elfaroonline.com.ar\/index.php\/wp-json\/wp\/v2\/users\/2"}],"replies":[{"embeddable":true,"href":"https:\/\/elfaroonline.com.ar\/index.php\/wp-json\/wp\/v2\/comments?post=4086"}],"version-history":[{"count":1,"href":"https:\/\/elfaroonline.com.ar\/index.php\/wp-json\/wp\/v2\/posts\/4086\/revisions"}],"predecessor-version":[{"id":4088,"href":"https:\/\/elfaroonline.com.ar\/index.php\/wp-json\/wp\/v2\/posts\/4086\/revisions\/4088"}],"wp:featuredmedia":[{"embeddable":true,"href":"https:\/\/elfaroonline.com.ar\/index.php\/wp-json\/wp\/v2\/media\/4087"}],"wp:attachment":[{"href":"https:\/\/elfaroonline.com.ar\/index.php\/wp-json\/wp\/v2\/media?parent=4086"}],"wp:term":[{"taxonomy":"category","embeddable":true,"href":"https:\/\/elfaroonline.com.ar\/index.php\/wp-json\/wp\/v2\/categories?post=4086"},{"taxonomy":"post_tag","embeddable":true,"href":"https:\/\/elfaroonline.com.ar\/index.php\/wp-json\/wp\/v2\/tags?post=4086"}],"curies":[{"name":"wp","href":"https:\/\/api.w.org\/{rel}","templated":true}]}}