{"id":4093,"date":"2025-07-04T08:57:37","date_gmt":"2025-07-04T11:57:37","guid":{"rendered":"https:\/\/elfaroonline.com.ar\/?p=4093"},"modified":"2025-07-04T08:57:37","modified_gmt":"2025-07-04T11:57:37","slug":"la-54-fiesta-del-poncho-tendra-participacion-record-de-artistas-artesanos-y-emprendedores","status":"publish","type":"post","link":"https:\/\/elfaroonline.com.ar\/index.php\/2025\/07\/04\/la-54-fiesta-del-poncho-tendra-participacion-record-de-artistas-artesanos-y-emprendedores\/","title":{"rendered":"La 54\u00b0 Fiesta del Poncho tendr\u00e1 participaci\u00f3n r\u00e9cord de artistas, artesanos y emprendedores"},"content":{"rendered":"<p dir=\"ltr\">M\u00e1s de 3.600 personas participar\u00e1n en los sectores de artesan\u00edas, manualidades, productos regionales, dise\u00f1o, carpa comercial, foodtrucks, y en los distintos escenarios de la fiesta.<\/p>\n<p>&nbsp;<\/p>\n<p dir=\"ltr\">La 54\u00b0 edici\u00f3n de la Fiesta Nacional e Internacional del Poncho impulsar\u00e1 el trabajo y la actividad cultural, con <b>3.662 personas <\/b>involucradas entre artistas, artesanos, dise\u00f1adores y emprendedores, que trabajar\u00e1n en rubros como artesan\u00edas, manualidades, productos regionales, dise\u00f1o, comercio, gastronom\u00eda y en los distintos escenarios del predio ferial, donde se desarrollar\u00e1 la fiesta del 18 al 27 de julio.<\/p>\n<p>&nbsp;<\/p>\n<p dir=\"ltr\">M\u00e1s de 500 artesanos, entre provinciales, nacionales e internacionales, de diferentes rubros estar\u00e1n exponiendo sus creaciones artesanales. De ese n\u00famero, aproximadamente la mitad son artesanos catamarque\u00f1os quienes, como en a\u00f1os anteriores, podr\u00e1n acceder sin costo a los stands de exposici\u00f3n, adem\u00e1s de contar con alojamiento gratuito durante los 10 d\u00edas de la fiesta en el EDI (ex CIIC) de la provincia, y el traslado interno desde los hospedajes al Predio Ferial.<\/p>\n<p>&nbsp;<\/p>\n<p dir=\"ltr\">El espacio Poncho Dise\u00f1o reunir\u00e1 a 34 dise\u00f1adoras y dise\u00f1adores, que adem\u00e1s de los emprendedores locales, contar\u00e1 con la participaci\u00f3n de expositores de otras provincias como Buenos Aires, C\u00f3rdoba y Mendoza. En la carpa de manualidades habr\u00e1 70 stands, 68 en la de productos regionales y 90 en el sector comercial, que duplic\u00f3 su capacidad respecto a la \u00faltima edici\u00f3n.<\/p>\n<p>&nbsp;<\/p>\n<p dir=\"ltr\">Durante el Poncho m\u00e1s de ochenta foodtrucks estar\u00e1n distribuidos en los diferentes sectores del predio y en el Mercado Cultural, espacio que se estrenar\u00e1 este a\u00f1o. All\u00ed se habilitar\u00e1n cuarenta stands para ampliar la participaci\u00f3n de las personas que presentaron sus propuestas en la convocatoria.<\/p>\n<p>&nbsp;<\/p>\n<p dir=\"ltr\">Adem\u00e1s, 235 propuestas art\u00edsticas, que involucran a 2.900 bailarines y m\u00fasicos, fueron seleccionadas de la convocatoria para los escenarios que tendr\u00e1 la fiesta. Esta edici\u00f3n sum\u00f3 el escenario del Mercado Cultural a los tres que todos los a\u00f1os muestran el talento local en el Escenario Mayor, El Patio y Pabell\u00f3n de Turismo.<\/p>\n<p dir=\"ltr\">&#8220;Es fundamental acompa\u00f1ar a las industrias culturales, y los catamarque\u00f1os tenemos la suerte de tener al Poncho, una fiesta que cada a\u00f1o crece cada vez m\u00e1s y en la que quieren participar tambi\u00e9n artesanos de todo el pa\u00eds&#8221;, sostuvo la ministra de Cultura, Turismo y Deporte, Daiana Rold\u00e1n y consider\u00f3 que &#8220;es un gran producto tur\u00edstico que, cada invierno, garantiza la llegada de visitantes, algo muy positivo en este contexto que est\u00e1 afectando al turismo interno&#8221;.<\/p>\n<p>&nbsp;<\/p>\n<p dir=\"ltr\">El director provincial de Artesan\u00edas, Gonzalo Cancino coment\u00f3 que recibieron postulaciones de todas las provincias del pa\u00eds. &#8220;Tenemos propuestas que fueron enviadas desde los rincones m\u00e1s alejados de la Argentina y eso nos pone muy contentos porque quiere decir que nuestra fiesta tiene un alcance a nivel nacional que es muy importante. Poder compartir la identidad, la cultura y los oficios de otras provincias es muy enriquecedor&#8221;, expres\u00f3.<\/p>\n<p>&nbsp;<\/p>\n<p dir=\"ltr\">Adem\u00e1s de los m\u00e1s de 3.600 expositores y artistas que quedaron seleccionados en la convocatoria oficial para participar en la 54\u00b0 edici\u00f3n del Poncho, este a\u00f1o tambi\u00e9n estar\u00e1 el sector &#8220;Bodegas y delicatessen&#8221;, a cargo del Ministerio de Desarrollo Productivo; la carpa de &#8220;Mujeres emprendedoras de Catamarca&#8221; (MECA), la del &#8220;Paseo de compras de productos catamarque\u00f1os&#8221; (PCPC), la carpa Achalay, y el sector de colectividades, ubicado en El Patio del Poncho, que invita a disfrutar de las distintas opciones gastron\u00f3micas.<\/p>\n","protected":false},"excerpt":{"rendered":"<p>M\u00e1s de 3.600 personas participar\u00e1n en los sectores de artesan\u00edas, manualidades, productos regionales, dise\u00f1o, carpa comercial, foodtrucks, y en los distintos escenarios de la fiesta. &nbsp; La 54\u00b0 edici\u00f3n de la Fiesta Nacional e Internacional del Poncho impulsar\u00e1 el trabajo y la actividad cultural, con 3.662 personas involucradas entre artistas, artesanos, dise\u00f1adores y emprendedores, que [&hellip;]<\/p>\n","protected":false},"author":2,"featured_media":4094,"comment_status":"open","ping_status":"open","sticky":false,"template":"","format":"standard","meta":{"footnotes":""},"categories":[20],"tags":[],"class_list":{"0":"post-4093","1":"post","2":"type-post","3":"status-publish","4":"format-standard","5":"has-post-thumbnail","7":"category-sociedad"},"aioseo_notices":[],"_links":{"self":[{"href":"https:\/\/elfaroonline.com.ar\/index.php\/wp-json\/wp\/v2\/posts\/4093","targetHints":{"allow":["GET"]}}],"collection":[{"href":"https:\/\/elfaroonline.com.ar\/index.php\/wp-json\/wp\/v2\/posts"}],"about":[{"href":"https:\/\/elfaroonline.com.ar\/index.php\/wp-json\/wp\/v2\/types\/post"}],"author":[{"embeddable":true,"href":"https:\/\/elfaroonline.com.ar\/index.php\/wp-json\/wp\/v2\/users\/2"}],"replies":[{"embeddable":true,"href":"https:\/\/elfaroonline.com.ar\/index.php\/wp-json\/wp\/v2\/comments?post=4093"}],"version-history":[{"count":2,"href":"https:\/\/elfaroonline.com.ar\/index.php\/wp-json\/wp\/v2\/posts\/4093\/revisions"}],"predecessor-version":[{"id":4103,"href":"https:\/\/elfaroonline.com.ar\/index.php\/wp-json\/wp\/v2\/posts\/4093\/revisions\/4103"}],"wp:featuredmedia":[{"embeddable":true,"href":"https:\/\/elfaroonline.com.ar\/index.php\/wp-json\/wp\/v2\/media\/4094"}],"wp:attachment":[{"href":"https:\/\/elfaroonline.com.ar\/index.php\/wp-json\/wp\/v2\/media?parent=4093"}],"wp:term":[{"taxonomy":"category","embeddable":true,"href":"https:\/\/elfaroonline.com.ar\/index.php\/wp-json\/wp\/v2\/categories?post=4093"},{"taxonomy":"post_tag","embeddable":true,"href":"https:\/\/elfaroonline.com.ar\/index.php\/wp-json\/wp\/v2\/tags?post=4093"}],"curies":[{"name":"wp","href":"https:\/\/api.w.org\/{rel}","templated":true}]}}