{"id":4096,"date":"2025-07-04T08:56:32","date_gmt":"2025-07-04T11:56:32","guid":{"rendered":"https:\/\/elfaroonline.com.ar\/?p=4096"},"modified":"2025-07-04T08:56:32","modified_gmt":"2025-07-04T11:56:32","slug":"catamarca-comienza-a-palpitar-el-motocross-del-poncho","status":"publish","type":"post","link":"https:\/\/elfaroonline.com.ar\/index.php\/2025\/07\/04\/catamarca-comienza-a-palpitar-el-motocross-del-poncho\/","title":{"rendered":"Catamarca comienza a palpitar el Motocross del Poncho"},"content":{"rendered":"<p class=\"v1MsoNormal\">Con entrada gratuita, se disputar\u00e1 este s\u00e1bado 5 y domingo 6 de julio en el circuito de Campanas del Rosario, Fray Mamerto Esqui\u00fa, la cuarta fecha del Campeonato Argentino de MX.<\/p>\n<p class=\"v1MsoNormal\">Este mediod\u00eda, en el Estadio Provincial Bicentenario se realiz\u00f3 la presentaci\u00f3n de la prueba encabezada por el gobernador Ra\u00fal Jalil, acompa\u00f1ado por el secretario de Deportes y Recreaci\u00f3n, Guillermo Perna; el intendente de Las Juntas, Jorge Herrera; Leonardo Yoma, por parte de la CAMOD, y Diego Demelchori de la organizaci\u00f3n.<\/p>\n<p class=\"v1MsoNormal\">&#8220;La entrada es gratis porque nos sirve para promocionar el turismo y el deporte. Est\u00e1n todos invitados, esperamos pilotos de todo el pa\u00eds y de la provincia para que vengan a esta gran competencia&#8221;, invit\u00f3 el gobernador Ra\u00fal Jalil.<\/p>\n<p class=\"v1MsoNormal\">Por su parte, el secretario Perna indic\u00f3: &#8220;Es un gran esfuerzo el que hace la provincia para volver a tener esta fecha, as\u00ed que muchas gracias Gobernador por decirle que s\u00ed de nuevo al Motocross. Hay un gran equipo que est\u00e1 trabajando para que todo salga bien. A los chicos, quiero desearles que tengan una linda carrera y vivan esta experiencia&#8221;.<\/p>\n<p class=\"v1MsoNormal\">Adem\u00e1s, estuvieron presentes autoridades de la Municipalidad de Fray Mamerto Esqui\u00fa, y los pilotos que competir\u00e1n en esta prueba: la mendocina Micaela Gallardo, y los catamarque\u00f1os Jorge &#8220;Turbito&#8221; Herrera, Emiliano Carabajal, Guillermina Vega y Jerem\u00edas Ver\u00f3n.<\/p>\n<p class=\"v1MsoNormal\">La presentaci\u00f3n culmin\u00f3 con la palabra de los pilotos: &#8220;Catamarca presenta un ambiente muy lindo, tambi\u00e9n por su pista y el p\u00fablico. Correr en un circuito con desniveles naturales genera una mejor sensaci\u00f3n&#8221;, explic\u00f3 la mendocina Mica Gallardo, destacada piloto con participaci\u00f3n internacional.<\/p>\n<p class=\"v1MsoNormal\">&#8220;Es un circuito muy lindo. Los invitamos a todos a la carrera porque va a ser un espect\u00e1culo incre\u00edble&#8221;, sostuvo el piloto local &#8220;Turbito&#8221; Herrera.<\/p>\n","protected":false},"excerpt":{"rendered":"<p>Con entrada gratuita, se disputar\u00e1 este s\u00e1bado 5 y domingo 6 de julio en el circuito de Campanas del Rosario, Fray Mamerto Esqui\u00fa, la cuarta fecha del Campeonato Argentino de MX. Este mediod\u00eda, en el Estadio Provincial Bicentenario se realiz\u00f3 la presentaci\u00f3n de la prueba encabezada por el gobernador Ra\u00fal Jalil, acompa\u00f1ado por el secretario [&hellip;]<\/p>\n","protected":false},"author":2,"featured_media":4097,"comment_status":"open","ping_status":"open","sticky":false,"template":"","format":"standard","meta":{"footnotes":""},"categories":[25],"tags":[],"class_list":{"0":"post-4096","1":"post","2":"type-post","3":"status-publish","4":"format-standard","5":"has-post-thumbnail","7":"category-deportes"},"aioseo_notices":[],"_links":{"self":[{"href":"https:\/\/elfaroonline.com.ar\/index.php\/wp-json\/wp\/v2\/posts\/4096","targetHints":{"allow":["GET"]}}],"collection":[{"href":"https:\/\/elfaroonline.com.ar\/index.php\/wp-json\/wp\/v2\/posts"}],"about":[{"href":"https:\/\/elfaroonline.com.ar\/index.php\/wp-json\/wp\/v2\/types\/post"}],"author":[{"embeddable":true,"href":"https:\/\/elfaroonline.com.ar\/index.php\/wp-json\/wp\/v2\/users\/2"}],"replies":[{"embeddable":true,"href":"https:\/\/elfaroonline.com.ar\/index.php\/wp-json\/wp\/v2\/comments?post=4096"}],"version-history":[{"count":1,"href":"https:\/\/elfaroonline.com.ar\/index.php\/wp-json\/wp\/v2\/posts\/4096\/revisions"}],"predecessor-version":[{"id":4098,"href":"https:\/\/elfaroonline.com.ar\/index.php\/wp-json\/wp\/v2\/posts\/4096\/revisions\/4098"}],"wp:featuredmedia":[{"embeddable":true,"href":"https:\/\/elfaroonline.com.ar\/index.php\/wp-json\/wp\/v2\/media\/4097"}],"wp:attachment":[{"href":"https:\/\/elfaroonline.com.ar\/index.php\/wp-json\/wp\/v2\/media?parent=4096"}],"wp:term":[{"taxonomy":"category","embeddable":true,"href":"https:\/\/elfaroonline.com.ar\/index.php\/wp-json\/wp\/v2\/categories?post=4096"},{"taxonomy":"post_tag","embeddable":true,"href":"https:\/\/elfaroonline.com.ar\/index.php\/wp-json\/wp\/v2\/tags?post=4096"}],"curies":[{"name":"wp","href":"https:\/\/api.w.org\/{rel}","templated":true}]}}