{"id":4099,"date":"2025-07-04T08:56:02","date_gmt":"2025-07-04T11:56:02","guid":{"rendered":"https:\/\/elfaroonline.com.ar\/?p=4099"},"modified":"2025-07-04T08:56:02","modified_gmt":"2025-07-04T11:56:02","slug":"un-hombre-resulto-herido-de-arma-de-fuego-y-dos-personas-fueron-aprehendidas-en-el-sur-de-la-capital","status":"publish","type":"post","link":"https:\/\/elfaroonline.com.ar\/index.php\/2025\/07\/04\/un-hombre-resulto-herido-de-arma-de-fuego-y-dos-personas-fueron-aprehendidas-en-el-sur-de-la-capital\/","title":{"rendered":"Un hombre result\u00f3 herido de arma de fuego y dos personas fueron aprehendidas en el Sur de la Capital"},"content":{"rendered":"<p class=\"v1MsoNormal\">En la ma\u00f1ana de ayer , a las <b>08:10<\/b>, alertados por el <b>SAE-911<\/b>, efectivos de la <b>Seccional D\u00e9cima<\/b> llegaron hasta las instalaciones de la Direcci\u00f3n General de Obras P\u00fablicas de la Municipalidad de esta Ciudad Capital, ubicada en la calle Florida al 600, donde constataron que un hombre de 43 a\u00f1os de edad, presentaba una herida a la altura de su miembro inferior izquierdo aparentemente producida con un arma de fuego, por lo que r\u00e1pidamente solicitaron la presencia de profesionales m\u00e9dicos del SAME, quienes lo trasladaron al Hospital San Juan Bautista.<\/p>\n<p class=\"v1MsoNormal\">En el lugar, el personal interviniente procedi\u00f3 al secuestro de un rev\u00f3lver calibre 32 y a la aprehensi\u00f3n de dos sujetos de apellidos <b>Salles (33)<\/b> y <b>Nieva (41)<\/b>, tomando intervenci\u00f3n la Fiscal\u00eda de Instrucci\u00f3n del Distrito Sur, desde donde se dispuso que <b>Peritos de la Direcci\u00f3n General de Criminal\u00edstica de la Polic\u00eda de la Provincia<\/b> y Sumariantes del Precinto Judicial N\u00b0 2 realicen tareas de su especialidad y trabajen en torno al hecho.<\/p>\n","protected":false},"excerpt":{"rendered":"<p>En la ma\u00f1ana de ayer , a las 08:10, alertados por el SAE-911, efectivos de la Seccional D\u00e9cima llegaron hasta las instalaciones de la Direcci\u00f3n General de Obras P\u00fablicas de la Municipalidad de esta Ciudad Capital, ubicada en la calle Florida al 600, donde constataron que un hombre de 43 a\u00f1os de edad, presentaba una [&hellip;]<\/p>\n","protected":false},"author":2,"featured_media":4100,"comment_status":"open","ping_status":"open","sticky":false,"template":"","format":"standard","meta":{"footnotes":""},"categories":[27],"tags":[],"class_list":{"0":"post-4099","1":"post","2":"type-post","3":"status-publish","4":"format-standard","5":"has-post-thumbnail","7":"category-policiales"},"aioseo_notices":[],"_links":{"self":[{"href":"https:\/\/elfaroonline.com.ar\/index.php\/wp-json\/wp\/v2\/posts\/4099","targetHints":{"allow":["GET"]}}],"collection":[{"href":"https:\/\/elfaroonline.com.ar\/index.php\/wp-json\/wp\/v2\/posts"}],"about":[{"href":"https:\/\/elfaroonline.com.ar\/index.php\/wp-json\/wp\/v2\/types\/post"}],"author":[{"embeddable":true,"href":"https:\/\/elfaroonline.com.ar\/index.php\/wp-json\/wp\/v2\/users\/2"}],"replies":[{"embeddable":true,"href":"https:\/\/elfaroonline.com.ar\/index.php\/wp-json\/wp\/v2\/comments?post=4099"}],"version-history":[{"count":2,"href":"https:\/\/elfaroonline.com.ar\/index.php\/wp-json\/wp\/v2\/posts\/4099\/revisions"}],"predecessor-version":[{"id":4102,"href":"https:\/\/elfaroonline.com.ar\/index.php\/wp-json\/wp\/v2\/posts\/4099\/revisions\/4102"}],"wp:featuredmedia":[{"embeddable":true,"href":"https:\/\/elfaroonline.com.ar\/index.php\/wp-json\/wp\/v2\/media\/4100"}],"wp:attachment":[{"href":"https:\/\/elfaroonline.com.ar\/index.php\/wp-json\/wp\/v2\/media?parent=4099"}],"wp:term":[{"taxonomy":"category","embeddable":true,"href":"https:\/\/elfaroonline.com.ar\/index.php\/wp-json\/wp\/v2\/categories?post=4099"},{"taxonomy":"post_tag","embeddable":true,"href":"https:\/\/elfaroonline.com.ar\/index.php\/wp-json\/wp\/v2\/tags?post=4099"}],"curies":[{"name":"wp","href":"https:\/\/api.w.org\/{rel}","templated":true}]}}