{"id":4104,"date":"2025-07-04T10:14:51","date_gmt":"2025-07-04T13:14:51","guid":{"rendered":"https:\/\/elfaroonline.com.ar\/?p=4104"},"modified":"2025-07-04T10:14:51","modified_gmt":"2025-07-04T13:14:51","slug":"gobierno-y-productores-del-este-catamarqueno-avanzaran-en-la-formalizacion-del-cluster-de-semilleros","status":"publish","type":"post","link":"https:\/\/elfaroonline.com.ar\/index.php\/2025\/07\/04\/gobierno-y-productores-del-este-catamarqueno-avanzaran-en-la-formalizacion-del-cluster-de-semilleros\/","title":{"rendered":"Gobierno y productores del Este catamarque\u00f1o avanzar\u00e1n en la formalizaci\u00f3n del Cl\u00faster de Semilleros"},"content":{"rendered":"<p class=\"v1MsoNormal\"><i>Los Altos se ha convertido en una de las principales zonas de producci\u00f3n de semillas del pa\u00eds. <\/i><\/p>\n<p class=\"v1MsoNormal\">En el marco de su recorrida por el departamento Santa Rosa, el gobernador Ra\u00fal Jalil visit\u00f3 la Finca Mistol Ancho, ubicada en la localidad de Los Altos, donde se reuni\u00f3 con sus responsables y otros productores del sector para avanzar en una agenda com\u00fan de desarrollo productivo y mejoras de infraestructura, para un sector que es el sost\u00e9n econ\u00f3mico de esta zona del Este.<\/p>\n<p class=\"v1MsoNormal\">El encuentro sirvi\u00f3 de marco para abordar temas puntuales vinculados al fortalecimiento de la actividad agroindustrial en el Este catamarque\u00f1o. Se defini\u00f3 una articulaci\u00f3n p\u00fablico-privada para la ejecuci\u00f3n conjunta de obras de infraestructura como el mejoramiento de caminos rurales, donde el Gobierno provincial se comprometi\u00f3 a realizar las obras viales, mientras que los productores aportar\u00e1n el material para pavimentaci\u00f3n.<\/p>\n<p class=\"v1MsoNormal\">&#8220;Fue un encuentro muy positivo porque hablamos sobre la posibilidad de ordenar y formalizar el Cl\u00faster Semillero, que es algo muy importante para todos los productores del Este&#8221;, explic\u00f3 el propietario de Finca Mistol Ancho, Daniel Bartolucci.<\/p>\n<p class=\"v1MsoNormal\">Actualmente, el Cl\u00faster Semillero est\u00e1 integrado por las principales firmas nacionales productoras de semillas de Los Altos, entre las que figuran Bayer y Corteva, pero adem\u00e1s por productores arraigados hace m\u00e1s de 25 a\u00f1os en las zonas de Monte Redondo, La Bajada, Los Molles y Puerta Grande. La presencia de todas estas firmas ha convertido a Los Altos en la cuarta regi\u00f3n productora de semillas del pa\u00eds, y la principal productora de semillas tropicales.<\/p>\n<p class=\"v1MsoNormal\">El objetivo de formalizar el Cl\u00faster es para potenciar la calidad, trazabilidad y competitividad de este sector de la industria agropecuaria, y por ello, aprovechando la presencia de legisladores, hubo un compromiso de trabajar un proyecto de ley que encuadre esta figura.<\/p>\n<p class=\"v1MsoNormal\">\n<p class=\"v1MsoNormal\">En la recorrida estuvieron presentes el intendente de Los Altos, Ra\u00fal Barot; el ministro de Hacienda y Obras P\u00fablicas, Juan Marchetti; el ministro de Desarrollo Productivo, Leonardo Zeballos; la presidenta de la C\u00e1mara de Diputados, Paola Fedeli; y los legisladores Mar\u00eda Argerich, Juan Carlos Ledesma y Hern\u00e1n D\u00edaz.<\/p>\n","protected":false},"excerpt":{"rendered":"<p>Los Altos se ha convertido en una de las principales zonas de producci\u00f3n de semillas del pa\u00eds. En el marco de su recorrida por el departamento Santa Rosa, el gobernador Ra\u00fal Jalil visit\u00f3 la Finca Mistol Ancho, ubicada en la localidad de Los Altos, donde se reuni\u00f3 con sus responsables y otros productores del sector [&hellip;]<\/p>\n","protected":false},"author":2,"featured_media":4105,"comment_status":"open","ping_status":"open","sticky":false,"template":"","format":"standard","meta":{"footnotes":""},"categories":[23,21],"tags":[],"class_list":{"0":"post-4104","1":"post","2":"type-post","3":"status-publish","4":"format-standard","5":"has-post-thumbnail","7":"category-destacados","8":"category-politica"},"aioseo_notices":[],"_links":{"self":[{"href":"https:\/\/elfaroonline.com.ar\/index.php\/wp-json\/wp\/v2\/posts\/4104","targetHints":{"allow":["GET"]}}],"collection":[{"href":"https:\/\/elfaroonline.com.ar\/index.php\/wp-json\/wp\/v2\/posts"}],"about":[{"href":"https:\/\/elfaroonline.com.ar\/index.php\/wp-json\/wp\/v2\/types\/post"}],"author":[{"embeddable":true,"href":"https:\/\/elfaroonline.com.ar\/index.php\/wp-json\/wp\/v2\/users\/2"}],"replies":[{"embeddable":true,"href":"https:\/\/elfaroonline.com.ar\/index.php\/wp-json\/wp\/v2\/comments?post=4104"}],"version-history":[{"count":1,"href":"https:\/\/elfaroonline.com.ar\/index.php\/wp-json\/wp\/v2\/posts\/4104\/revisions"}],"predecessor-version":[{"id":4106,"href":"https:\/\/elfaroonline.com.ar\/index.php\/wp-json\/wp\/v2\/posts\/4104\/revisions\/4106"}],"wp:featuredmedia":[{"embeddable":true,"href":"https:\/\/elfaroonline.com.ar\/index.php\/wp-json\/wp\/v2\/media\/4105"}],"wp:attachment":[{"href":"https:\/\/elfaroonline.com.ar\/index.php\/wp-json\/wp\/v2\/media?parent=4104"}],"wp:term":[{"taxonomy":"category","embeddable":true,"href":"https:\/\/elfaroonline.com.ar\/index.php\/wp-json\/wp\/v2\/categories?post=4104"},{"taxonomy":"post_tag","embeddable":true,"href":"https:\/\/elfaroonline.com.ar\/index.php\/wp-json\/wp\/v2\/tags?post=4104"}],"curies":[{"name":"wp","href":"https:\/\/api.w.org\/{rel}","templated":true}]}}