{"id":4107,"date":"2025-07-04T10:17:32","date_gmt":"2025-07-04T13:17:32","guid":{"rendered":"https:\/\/elfaroonline.com.ar\/?p=4107"},"modified":"2025-07-04T10:17:32","modified_gmt":"2025-07-04T13:17:32","slug":"poncho-diseno-el-espacio-creativo-de-la-fiesta","status":"publish","type":"post","link":"https:\/\/elfaroonline.com.ar\/index.php\/2025\/07\/04\/poncho-diseno-el-espacio-creativo-de-la-fiesta\/","title":{"rendered":"Poncho Dise\u00f1o, el espacio creativo de la Fiesta"},"content":{"rendered":"<p class=\"v1MsoNormal\"><span lang=\"ES\">El Poncho Dise\u00f1o, espacio creativo de la 54\u00b0 Fiesta Nacional e Internacional del Poncho que se realizar\u00e1 del 18 al 27 de julio en el Predio Ferial Catamarca, tendr\u00e1 a 34 dise\u00f1adores y dise\u00f1adoras con variedad de productos indispensables para los fan\u00e1ticos de las prendas y de los objetos 100% innovadores. Adem\u00e1s de los emprendedores locales, el espacio contar\u00e1 con la participaci\u00f3n de expositores de Mendoza, Buenos Aires y C\u00f3rdoba.<\/span><\/p>\n<p class=\"v1MsoNormal\"><span lang=\"ES\">\u00a0<\/span><\/p>\n<p class=\"v1MsoNormal\"><span lang=\"ES\">El p\u00fablico encontrar\u00e1 en este espacio dise\u00f1o textil, marroquiner\u00eda, indumentaria, joyer\u00eda y bijouterie, objetos de decoraci\u00f3n y artes visuales, y una amplia gama de productos, desde prendas de vestir y calzado en fibras naturales, sint\u00e9ticas y de cuero, hasta accesorios, bolsos, carteras, encuadernaci\u00f3n, dise\u00f1o editorial y mucho m\u00e1s.<\/span><\/p>\n<p class=\"v1MsoNormal\"><span lang=\"ES\">\u00a0<\/span><\/p>\n<p class=\"v1MsoNormal\"><span lang=\"ES\">En esta edici\u00f3n participar\u00e1n Champa Argentina (anteojos de madera para el sol y recetados),\u00a0Reina Mora (accesorios), y en indumentaria Amaia, MERO, SAGRADA &#8211; estudio de Dise\u00f1o, Haz &amp; Enves Dise\u00f1os Naturales &#8211; Arte Vegetal en textiles, y Maverick.\u00a0<\/span><\/p>\n<p class=\"v1MsoNormal\"><span lang=\"ES\">\u00a0<\/span><\/p>\n<p class=\"v1MsoNormal\"><span lang=\"ES\">En artes visuales estar\u00e1n Vivre Arte con espejos, cuadros y adornos con la t\u00e9cnica de mosaiquismo; Latir Am\u00e9rica, NEXO Ediciones y Ni\u00f1x Interior. En dise\u00f1o Textil habr\u00e1 novedades en bolsos materos, luncheras, ri\u00f1oneras, almohadones, mantas, acolchados, manteles en los stands de OTZI, FRESNA Home&amp;deco, Mi rayito beb\u00e9s, Viva la pepa, Las Parinas, Laboratorio Deco y Valeara tejidos.\u00a0\u00a0\u00a0<\/span><\/p>\n<p class=\"v1MsoNormal\"><span lang=\"ES\">\u00a0<\/span><\/p>\n<p class=\"v1MsoNormal\"><span lang=\"ES\">En marroquiner\u00eda estar\u00e1n Adolfina Viti; Voce; Clara del Norte; Pugna &#8211; zapatos de dise\u00f1o, y Ari Martinez. Tambi\u00e9n habr\u00e1 objetos de decoraci\u00f3n de Puntos Arte, con creaciones con la t\u00e9cnica de puntillismo y otras t\u00e9cnicas de arte decorativo; de Amor y Cuidado In Home; de Abedul; de Deco Cruz; de Soli Cer\u00e1mica; Matear; juguetes para las infancias de Papeza Creaciones, plantas de Buenas Ra\u00edces; Viure Deco, y Maximiliano Flores.\u00a0\u00a0<\/span><\/p>\n<p class=\"v1MsoNormal\"><span lang=\"ES\">\u00a0<\/span><\/p>\n<p class=\"v1MsoNormal\"><span lang=\"ES\">Al igual que en todos los espacios de exposici\u00f3n en la fiesta, el Poncho Dise\u00f1o estar\u00e1 abierto del 18 al 27 de julio, en uno de los salones de ingreso al Predio Ferial.<\/span><\/p>\n","protected":false},"excerpt":{"rendered":"<p>El Poncho Dise\u00f1o, espacio creativo de la 54\u00b0 Fiesta Nacional e Internacional del Poncho que se realizar\u00e1 del 18 al 27 de julio en el Predio Ferial Catamarca, tendr\u00e1 a 34 dise\u00f1adores y dise\u00f1adoras con variedad de productos indispensables para los fan\u00e1ticos de las prendas y de los objetos 100% innovadores. Adem\u00e1s de los emprendedores [&hellip;]<\/p>\n","protected":false},"author":2,"featured_media":4108,"comment_status":"open","ping_status":"open","sticky":false,"template":"","format":"standard","meta":{"footnotes":""},"categories":[20],"tags":[],"class_list":{"0":"post-4107","1":"post","2":"type-post","3":"status-publish","4":"format-standard","5":"has-post-thumbnail","7":"category-sociedad"},"aioseo_notices":[],"_links":{"self":[{"href":"https:\/\/elfaroonline.com.ar\/index.php\/wp-json\/wp\/v2\/posts\/4107","targetHints":{"allow":["GET"]}}],"collection":[{"href":"https:\/\/elfaroonline.com.ar\/index.php\/wp-json\/wp\/v2\/posts"}],"about":[{"href":"https:\/\/elfaroonline.com.ar\/index.php\/wp-json\/wp\/v2\/types\/post"}],"author":[{"embeddable":true,"href":"https:\/\/elfaroonline.com.ar\/index.php\/wp-json\/wp\/v2\/users\/2"}],"replies":[{"embeddable":true,"href":"https:\/\/elfaroonline.com.ar\/index.php\/wp-json\/wp\/v2\/comments?post=4107"}],"version-history":[{"count":1,"href":"https:\/\/elfaroonline.com.ar\/index.php\/wp-json\/wp\/v2\/posts\/4107\/revisions"}],"predecessor-version":[{"id":4109,"href":"https:\/\/elfaroonline.com.ar\/index.php\/wp-json\/wp\/v2\/posts\/4107\/revisions\/4109"}],"wp:featuredmedia":[{"embeddable":true,"href":"https:\/\/elfaroonline.com.ar\/index.php\/wp-json\/wp\/v2\/media\/4108"}],"wp:attachment":[{"href":"https:\/\/elfaroonline.com.ar\/index.php\/wp-json\/wp\/v2\/media?parent=4107"}],"wp:term":[{"taxonomy":"category","embeddable":true,"href":"https:\/\/elfaroonline.com.ar\/index.php\/wp-json\/wp\/v2\/categories?post=4107"},{"taxonomy":"post_tag","embeddable":true,"href":"https:\/\/elfaroonline.com.ar\/index.php\/wp-json\/wp\/v2\/tags?post=4107"}],"curies":[{"name":"wp","href":"https:\/\/api.w.org\/{rel}","templated":true}]}}