{"id":4110,"date":"2025-07-10T19:07:15","date_gmt":"2025-07-10T22:07:15","guid":{"rendered":"https:\/\/elfaroonline.com.ar\/?p=4110"},"modified":"2025-07-10T19:07:15","modified_gmt":"2025-07-10T22:07:15","slug":"catamarca-avanza-en-la-modernizacion-de-los-sistemas-de-informacion-educativa","status":"publish","type":"post","link":"https:\/\/elfaroonline.com.ar\/index.php\/2025\/07\/10\/catamarca-avanza-en-la-modernizacion-de-los-sistemas-de-informacion-educativa\/","title":{"rendered":"Catamarca avanza en la modernizaci\u00f3n de los sistemas de informaci\u00f3n educativa"},"content":{"rendered":"<p class=\"v1MsoNormal\"><i>Mediante el nuevo sistema, se podr\u00e1 acceder a informaci\u00f3n de los establecimientos educativos, detectar y prevenir el abandono escolar, implementar el Bolet\u00edn Digital, entre otras cosas. <\/i><\/p>\n<p class=\"v1MsoNormal\">Con la presencia del gobernador Ra\u00fal Jalil, el vicegobernador Rub\u00e9n Dusso, el ministro de Educaci\u00f3n, Ciencia y Tecnolog\u00eda, Nicol\u00e1s Rosales Matienzo, y equipos de conducci\u00f3n de establecimientos escolares, se llev\u00f3 a cabo en el sal\u00f3n de actos de la Escuela Secundaria N\u00b01 &#8220;Dr. Fidel M. Castro&#8221;, la presentaci\u00f3n del proyecto de modernizaci\u00f3n de los sistemas de informaci\u00f3n educativa de Catamarca.<\/p>\n<p class=\"v1MsoNormal\">La modernizaci\u00f3n, impulsada por la cartera educativa local a trav\u00e9s de la Secretar\u00eda de Planeamiento Educativo, contempla la incorporaci\u00f3n de nuevas herramientas tecnol\u00f3gicas que optimizan la toma de decisiones y el seguimiento del trayecto escolar de los estudiantes, al tiempo que promueven una mayor equidad y acceso a la informaci\u00f3n para toda la comunidad educativa.<\/p>\n<p class=\"v1MsoNormal\">Los sistemas implementados son los siguientes:<\/p>\n<p class=\"v1MsoNormal\"><b>-Mapa Educativo Digital:<\/b> herramienta de acceso p\u00fablico que ofrece informaci\u00f3n actualizada sobre todas las escuelas de la provincia, incluyendo ubicaci\u00f3n.<\/p>\n<p class=\"v1MsoNormal\"><b>-SINIDE SGE:<\/b> sistema nominalizado que permite la gesti\u00f3n escolar de las instituciones educativas.<\/p>\n<p class=\"v1MsoNormal\"><b>-Sistema de Alerta Temprana<\/b>: permite detectar y prevenir el abandono escolar, facilitando la intervenci\u00f3n oportuna.<\/p>\n<p class=\"v1MsoNormal\"><b>-Bolet\u00edn Digital:<\/b> formato electr\u00f3nico del bolet\u00edn de calificaciones, que permite a las familias realizar un seguimiento m\u00e1s \u00e1gil de la trayectoria acad\u00e9mica de sus hijos.<\/p>\n<p class=\"v1MsoNormal\"><b>-Portal Escolar para Familias:<\/b> espacio digital destinado a las familias para consultar informaci\u00f3n relevante sobre la educaci\u00f3n de sus hijos, promoviendo una mayor participaci\u00f3n.<\/p>\n<p class=\"v1MsoNormal\">El sistema SINIDE SGE alimenta con su informaci\u00f3n tanto al Mapa Educativo Digital como al Portal Escolar, garantizando la integraci\u00f3n de los datos y facilitando su uso por parte de los diferentes actores del sistema educativo.<\/p>\n<p class=\"v1MsoNormal\">Durante la presentaci\u00f3n se hizo entrega de certificados a directivos de instituciones escolares de Ambato, Capital, El Alto, Bel\u00e9n, Pom\u00e1n y Santa Mar\u00eda, que demostraron un compromiso excepcional con la modernizaci\u00f3n de la gesti\u00f3n educativa.<\/p>\n","protected":false},"excerpt":{"rendered":"<p>Mediante el nuevo sistema, se podr\u00e1 acceder a informaci\u00f3n de los establecimientos educativos, detectar y prevenir el abandono escolar, implementar el Bolet\u00edn Digital, entre otras cosas. Con la presencia del gobernador Ra\u00fal Jalil, el vicegobernador Rub\u00e9n Dusso, el ministro de Educaci\u00f3n, Ciencia y Tecnolog\u00eda, Nicol\u00e1s Rosales Matienzo, y equipos de conducci\u00f3n de establecimientos escolares, se [&hellip;]<\/p>\n","protected":false},"author":2,"featured_media":4111,"comment_status":"open","ping_status":"open","sticky":false,"template":"","format":"standard","meta":{"footnotes":""},"categories":[23,20],"tags":[],"class_list":{"0":"post-4110","1":"post","2":"type-post","3":"status-publish","4":"format-standard","5":"has-post-thumbnail","7":"category-destacados","8":"category-sociedad"},"aioseo_notices":[],"_links":{"self":[{"href":"https:\/\/elfaroonline.com.ar\/index.php\/wp-json\/wp\/v2\/posts\/4110","targetHints":{"allow":["GET"]}}],"collection":[{"href":"https:\/\/elfaroonline.com.ar\/index.php\/wp-json\/wp\/v2\/posts"}],"about":[{"href":"https:\/\/elfaroonline.com.ar\/index.php\/wp-json\/wp\/v2\/types\/post"}],"author":[{"embeddable":true,"href":"https:\/\/elfaroonline.com.ar\/index.php\/wp-json\/wp\/v2\/users\/2"}],"replies":[{"embeddable":true,"href":"https:\/\/elfaroonline.com.ar\/index.php\/wp-json\/wp\/v2\/comments?post=4110"}],"version-history":[{"count":2,"href":"https:\/\/elfaroonline.com.ar\/index.php\/wp-json\/wp\/v2\/posts\/4110\/revisions"}],"predecessor-version":[{"id":4153,"href":"https:\/\/elfaroonline.com.ar\/index.php\/wp-json\/wp\/v2\/posts\/4110\/revisions\/4153"}],"wp:featuredmedia":[{"embeddable":true,"href":"https:\/\/elfaroonline.com.ar\/index.php\/wp-json\/wp\/v2\/media\/4111"}],"wp:attachment":[{"href":"https:\/\/elfaroonline.com.ar\/index.php\/wp-json\/wp\/v2\/media?parent=4110"}],"wp:term":[{"taxonomy":"category","embeddable":true,"href":"https:\/\/elfaroonline.com.ar\/index.php\/wp-json\/wp\/v2\/categories?post=4110"},{"taxonomy":"post_tag","embeddable":true,"href":"https:\/\/elfaroonline.com.ar\/index.php\/wp-json\/wp\/v2\/tags?post=4110"}],"curies":[{"name":"wp","href":"https:\/\/api.w.org\/{rel}","templated":true}]}}