{"id":4113,"date":"2025-07-10T19:06:54","date_gmt":"2025-07-10T22:06:54","guid":{"rendered":"https:\/\/elfaroonline.com.ar\/?p=4113"},"modified":"2025-07-10T19:06:54","modified_gmt":"2025-07-10T22:06:54","slug":"la-provincia-ofrecio-elevar-a-700-000-el-salario-minimo-docente","status":"publish","type":"post","link":"https:\/\/elfaroonline.com.ar\/index.php\/2025\/07\/10\/la-provincia-ofrecio-elevar-a-700-000-el-salario-minimo-docente\/","title":{"rendered":"La Provincia ofreci\u00f3 elevar a $700.000 el salario m\u00ednimo docente"},"content":{"rendered":"<div dir=\"ltr\">\n<div dir=\"ltr\">\n<p class=\"v1MsoNormal\">Este jueves el Gobierno provincial mantuvo una nueva reuni\u00f3n con los representantes de la Intersindical Docente, en la que se present\u00f3 una propuesta conjunta, integral y unificada en materia salarial y laboral para el sector educativo.<\/p>\n<p class=\"v1MsoNormal\">En el encuentro <b>se ofreci\u00f3 incrementar el salario m\u00ednimo docente garantizado de $550.000 a $700.000 por cargo testigo, a partir del 1 de julio de 2025<\/b>. Este aumento beneficiar\u00e1 a 5.037 docentes en toda la provincia, de los cuales 3.518 pertenecen a escuelas p\u00fablicas y 1.519 a establecimientos de gesti\u00f3n privada, abarcando as\u00ed al 32% del total del sector.<\/p>\n<p class=\"v1MsoNormal\">Por otra parte, respecto al incremento del punto \u00edndice y funci\u00f3n jer\u00e1rquica se propuso un aumento acumulativo con cl\u00e1usula gatillo bimestral seg\u00fan el siguiente esquema:<\/p>\n<p class=\"v1MsoNormal\"><b>-Julio 2025:<\/b> aumento del 5%<\/p>\n<p class=\"v1MsoNormal\"><b>-Septiembre 2025:<\/b> actualizaci\u00f3n seg\u00fan IPC de julio y agosto<\/p>\n<p class=\"v1MsoNormal\"><b>-Noviembre 2025:<\/b> actualizaci\u00f3n seg\u00fan IPC de septiembre y octubre<\/p>\n<p class=\"v1MsoNormal\"><b>-Enero 2026:<\/b> actualizaci\u00f3n seg\u00fan IPC de noviembre y diciembre<\/p>\n<p class=\"v1MsoNormal\"><b>Estabilidad laboral y carrera docente<\/b><\/p>\n<p class=\"v1MsoNormal\">En este punto de discusi\u00f3n, el Gobierno propuso avanzar con: Titularizaci\u00f3n docente para los niveles Inicial, Primario, Especial, de Adultos, Secundario y sus modalidades; titularizaci\u00f3n de directivos y equipos de conducci\u00f3n mediante concurso y cobertura de cargos de supervisores mediante concurso en los \u00e1mbitos de gesti\u00f3n p\u00fablica y privada.<\/p>\n<p class=\"v1MsoNormal\"><b>Bonificaci\u00f3n extraordinaria por jubilaci\u00f3n anticipada<\/b><\/p>\n<p class=\"v1MsoNormal\">En respuesta a un pedido de la Intersindical docente, el Ejecutivo provincial propuso una bonificaci\u00f3n \u00fanica y extraordinaria equivalente a tres salarios netos de ley para los docentes con 30 a\u00f1os o m\u00e1s de servicio que opten por jubilarse dentro de los 30 d\u00edas posteriores a cumplir la edad jubilatoria. Este beneficio incluye a docentes de gesti\u00f3n p\u00fablica y privada.<\/p>\n<p class=\"v1MsoNormal\">Por \u00faltimo, en lo que respecta al Reconocimiento de zona desfavorable, el Gobierno propuso incorporar el adicional por zona a las escuelas p\u00fablicas y privadas de la ciudad de Recreo (Departamento La Paz) y a los Centros Educativos N\u00b03 y N\u00b04 de Valle Viejo, a partir del ciclo lectivo 2026.<\/p>\n<p class=\"v1MsoNormal\">Con la propuesta sobre la mesa, las partes fijaron un cuarto intermedio hasta el martes 15 de julio (18:00) para continuar trabajando sobre la paritaria salarial y los gremios poder llevar el ofrecimiento a las bases.<\/p>\n<\/div>\n<\/div>\n","protected":false},"excerpt":{"rendered":"<p>Este jueves el Gobierno provincial mantuvo una nueva reuni\u00f3n con los representantes de la Intersindical Docente, en la que se present\u00f3 una propuesta conjunta, integral y unificada en materia salarial y laboral para el sector educativo. En el encuentro se ofreci\u00f3 incrementar el salario m\u00ednimo docente garantizado de $550.000 a $700.000 por cargo testigo, a [&hellip;]<\/p>\n","protected":false},"author":2,"featured_media":4114,"comment_status":"open","ping_status":"open","sticky":false,"template":"","format":"standard","meta":{"footnotes":""},"categories":[20],"tags":[],"class_list":{"0":"post-4113","1":"post","2":"type-post","3":"status-publish","4":"format-standard","5":"has-post-thumbnail","7":"category-sociedad"},"aioseo_notices":[],"_links":{"self":[{"href":"https:\/\/elfaroonline.com.ar\/index.php\/wp-json\/wp\/v2\/posts\/4113","targetHints":{"allow":["GET"]}}],"collection":[{"href":"https:\/\/elfaroonline.com.ar\/index.php\/wp-json\/wp\/v2\/posts"}],"about":[{"href":"https:\/\/elfaroonline.com.ar\/index.php\/wp-json\/wp\/v2\/types\/post"}],"author":[{"embeddable":true,"href":"https:\/\/elfaroonline.com.ar\/index.php\/wp-json\/wp\/v2\/users\/2"}],"replies":[{"embeddable":true,"href":"https:\/\/elfaroonline.com.ar\/index.php\/wp-json\/wp\/v2\/comments?post=4113"}],"version-history":[{"count":2,"href":"https:\/\/elfaroonline.com.ar\/index.php\/wp-json\/wp\/v2\/posts\/4113\/revisions"}],"predecessor-version":[{"id":4152,"href":"https:\/\/elfaroonline.com.ar\/index.php\/wp-json\/wp\/v2\/posts\/4113\/revisions\/4152"}],"wp:featuredmedia":[{"embeddable":true,"href":"https:\/\/elfaroonline.com.ar\/index.php\/wp-json\/wp\/v2\/media\/4114"}],"wp:attachment":[{"href":"https:\/\/elfaroonline.com.ar\/index.php\/wp-json\/wp\/v2\/media?parent=4113"}],"wp:term":[{"taxonomy":"category","embeddable":true,"href":"https:\/\/elfaroonline.com.ar\/index.php\/wp-json\/wp\/v2\/categories?post=4113"},{"taxonomy":"post_tag","embeddable":true,"href":"https:\/\/elfaroonline.com.ar\/index.php\/wp-json\/wp\/v2\/tags?post=4113"}],"curies":[{"name":"wp","href":"https:\/\/api.w.org\/{rel}","templated":true}]}}