{"id":4116,"date":"2025-07-10T19:06:31","date_gmt":"2025-07-10T22:06:31","guid":{"rendered":"https:\/\/elfaroonline.com.ar\/?p=4116"},"modified":"2025-07-10T19:06:31","modified_gmt":"2025-07-10T22:06:31","slug":"el-gobierno-reactivo-la-ampliacion-del-hospital-san-juan-bautista-con-fondos-provinciales","status":"publish","type":"post","link":"https:\/\/elfaroonline.com.ar\/index.php\/2025\/07\/10\/el-gobierno-reactivo-la-ampliacion-del-hospital-san-juan-bautista-con-fondos-provinciales\/","title":{"rendered":"El Gobierno reactiv\u00f3 la ampliaci\u00f3n del Hospital San Juan Bautista con fondos provinciales"},"content":{"rendered":"<p class=\"v1MsoNormal\">El gobernador Ra\u00fal Jalil, acompa\u00f1ado por los ministros de Hacienda y Obras P\u00fablicas, Juan Marchetti, y de Salud, Johana Carrizo, recorri\u00f3 la obra de ampliaci\u00f3n del Hospital San Juan Bautista, que fue reactivada por el Gobierno de la Provincia con inversi\u00f3n de recursos propios y el aporte de utilidades de YMAD (Yacimientos Mineros de Agua de Dionisio).<\/p>\n<p class=\"v1MsoNormal\">La obra hab\u00eda quedado paralizada debido al retiro del financiamiento por parte del Gobierno nacional, y ahora fue retomada con financiamiento genuino de la Provincia, en el marco del compromiso del Ejecutivo catamarque\u00f1o con el fortalecimiento del sistema de salud p\u00fablica para ampliar la capacidad y calidad de atenci\u00f3n a todos los ciudadanos.<\/p>\n<p class=\"v1MsoNormal\">El proyecto contempla la construcci\u00f3n de un nuevo m\u00f3dulo de emergencias hospitalarias de aproximadamente 5.690 m\u00b2, dise\u00f1ado para optimizar los flujos de pacientes, personal m\u00e9dico y recursos, garantizando una atenci\u00f3n eficiente, segura y de alta complejidad en situaciones cr\u00edticas. La obra incluir\u00e1: Shock room (espacio para atenci\u00f3n inmediata de pacientes en estado grave), consultorios de guardia con atenci\u00f3n las 24 horas, \u00c1rea de internaci\u00f3n abreviada, quir\u00f3fanos de emergencia, Unidad de Terapia Intensiva (UTI), Unidad Coronaria (UCO), laboratorio, entre otros espacios.<\/p>\n<p class=\"v1MsoNormal\">El ministro <b>Juan Marchetti<\/b> resalt\u00f3 la importancia del proyecto y valor\u00f3 el esfuerzo provincial para su reactivaci\u00f3n. &#8220;Hoy estamos reactivando la obra del \u00e1rea de Emergencias del Hospital San Juan Bautista. Es un anhelo de todos los catamarque\u00f1os que podemos retomar gracias al financiamiento propio de la Provincia y al apoyo de YMAD&#8221;, expres\u00f3.<\/p>\n<p class=\"v1MsoNormal\">Por su parte, la ministra <b>Johana Carrizo<\/b> explic\u00f3 que esta ampliaci\u00f3n es clave para refuncionalizar el hospital ante las limitaciones estructurales actuales. &#8220;Esta obra es fundamental para Catamarca, ya que permitir\u00e1 mejorar el funcionamiento del \u00e1rea de Emergencias y Cuidados Cr\u00edticos. Agradezco al Gobierno provincial por asumir la continuidad de este proyecto, que hab\u00eda sido abandonado por Naci\u00f3n&#8221;, se\u00f1al\u00f3.<\/p>\n","protected":false},"excerpt":{"rendered":"<p>El gobernador Ra\u00fal Jalil, acompa\u00f1ado por los ministros de Hacienda y Obras P\u00fablicas, Juan Marchetti, y de Salud, Johana Carrizo, recorri\u00f3 la obra de ampliaci\u00f3n del Hospital San Juan Bautista, que fue reactivada por el Gobierno de la Provincia con inversi\u00f3n de recursos propios y el aporte de utilidades de YMAD (Yacimientos Mineros de Agua [&hellip;]<\/p>\n","protected":false},"author":2,"featured_media":4117,"comment_status":"open","ping_status":"open","sticky":false,"template":"","format":"standard","meta":{"footnotes":""},"categories":[23,21],"tags":[],"class_list":{"0":"post-4116","1":"post","2":"type-post","3":"status-publish","4":"format-standard","5":"has-post-thumbnail","7":"category-destacados","8":"category-politica"},"aioseo_notices":[],"_links":{"self":[{"href":"https:\/\/elfaroonline.com.ar\/index.php\/wp-json\/wp\/v2\/posts\/4116","targetHints":{"allow":["GET"]}}],"collection":[{"href":"https:\/\/elfaroonline.com.ar\/index.php\/wp-json\/wp\/v2\/posts"}],"about":[{"href":"https:\/\/elfaroonline.com.ar\/index.php\/wp-json\/wp\/v2\/types\/post"}],"author":[{"embeddable":true,"href":"https:\/\/elfaroonline.com.ar\/index.php\/wp-json\/wp\/v2\/users\/2"}],"replies":[{"embeddable":true,"href":"https:\/\/elfaroonline.com.ar\/index.php\/wp-json\/wp\/v2\/comments?post=4116"}],"version-history":[{"count":1,"href":"https:\/\/elfaroonline.com.ar\/index.php\/wp-json\/wp\/v2\/posts\/4116\/revisions"}],"predecessor-version":[{"id":4118,"href":"https:\/\/elfaroonline.com.ar\/index.php\/wp-json\/wp\/v2\/posts\/4116\/revisions\/4118"}],"wp:featuredmedia":[{"embeddable":true,"href":"https:\/\/elfaroonline.com.ar\/index.php\/wp-json\/wp\/v2\/media\/4117"}],"wp:attachment":[{"href":"https:\/\/elfaroonline.com.ar\/index.php\/wp-json\/wp\/v2\/media?parent=4116"}],"wp:term":[{"taxonomy":"category","embeddable":true,"href":"https:\/\/elfaroonline.com.ar\/index.php\/wp-json\/wp\/v2\/categories?post=4116"},{"taxonomy":"post_tag","embeddable":true,"href":"https:\/\/elfaroonline.com.ar\/index.php\/wp-json\/wp\/v2\/tags?post=4116"}],"curies":[{"name":"wp","href":"https:\/\/api.w.org\/{rel}","templated":true}]}}