{"id":4119,"date":"2025-07-10T19:06:11","date_gmt":"2025-07-10T22:06:11","guid":{"rendered":"https:\/\/elfaroonline.com.ar\/?p=4119"},"modified":"2025-07-10T19:06:11","modified_gmt":"2025-07-10T22:06:11","slug":"el-tribunal-de-cuentas-se-traslada-y-el-estado-ahorrara-420-millones-anuales-en-alquileres","status":"publish","type":"post","link":"https:\/\/elfaroonline.com.ar\/index.php\/2025\/07\/10\/el-tribunal-de-cuentas-se-traslada-y-el-estado-ahorrara-420-millones-anuales-en-alquileres\/","title":{"rendered":"El Tribunal de Cuentas se traslada y el Estado ahorrar\u00e1 $ 420 millones anuales en alquileres"},"content":{"rendered":"<p class=\"v1MsoNormal\">El Gobierno de Catamarca avanza en una transformaci\u00f3n clave en la infraestructura del Tribunal de Cuentas de la Provincia, que dejar\u00e1 atr\u00e1s su funcionamiento en seis locaciones alquiladas para para centralizar todas sus actividades en un nuevo edificio propio, moderno y adaptado a las demandas actuales de la gesti\u00f3n p\u00fablica.<\/p>\n<p class=\"v1MsoNormal\">Este traslado no solo representa una mejora en t\u00e9rminos operativos y organizacionales, sino tambi\u00e9n un importante ahorro econ\u00f3mico para el Estado provincial.<\/p>\n<p class=\"v1MsoNormal\">Actualmente, el funcionamiento del Tribunal de Cuentas demanda un gasto de $20 millones de pesos mensuales en concepto de alquileres de distintas oficinas distribuidas en la ciudad Capital.<\/p>\n<p class=\"v1MsoNormal\">Con la centralizaci\u00f3n en una sede \u00fanica, se estima un ahorro anual de $240 millones, resultado de eliminaci\u00f3n de contratos de alquiler y la reducci\u00f3n de gastos operativos.<\/p>\n<p class=\"v1MsoNormal\">Adem\u00e1s, como parte de esta reorganizaci\u00f3n se concretar\u00e1 la cesi\u00f3n del edificio hist\u00f3rico principal del Tribunal de Cuentas al Poder Judicial, que lo incorporar\u00e1 a su infraestructura institucional.<\/p>\n<p class=\"v1MsoNormal\">De esta manera, se evita la necesidad de nuevas inversiones judiciales y se potencia el uso racional del patrimonio p\u00fablico. Se estima que, gracias a esta incorporaci\u00f3n, el Poder Judicial tambi\u00e9n generar\u00e1 un ahorro anual de aproximadamente $180 millones en concepto de alquileres.<\/p>\n<p class=\"v1MsoNormal\">El nuevo edificio del TC contar\u00e1 con un anillo cerrado de conectividad, que garantizar\u00e1 mayor seguridad inform\u00e1tica y operativa, al funcionar con servidores propios y una estructura digital integrada.<\/p>\n<p class=\"v1MsoNormal\">Esta infraestructura no solo fortalece la seguridad, sino que permitir\u00e1 acelerar los procesos internos, mejorar la calidad del servicio y fortalecer la capacidad institucional. En este entorno moderno, el organismo prev\u00e9 avanzar con la implementaci\u00f3n de libros y registros digitales \u00fanicos, herramientas fundamentales para potenciar la eficiencia, trazabilidad y transparencia en los actos administrativos y de control. Esta digitalizaci\u00f3n total se alinea con los objetivos de sustentabilidad, transparencia y despapelizaci\u00f3n que promueve el Estado Provincial.<\/p>\n<p class=\"v1MsoNormal\">&#8220;Con el nuevo edificio, no solo estaremos todos bajo un mismo techo como equipo, sino que tambi\u00e9n estaremos conectados como nunca antes. Gracias a nuestra nueva red interna, la informaci\u00f3n fluir\u00e1 a una velocidad que antes era impensable. Esto significa que colaborar ser\u00e1 m\u00e1s sencillo y r\u00e1pido; tendremos la capacidad de compartir ideas, proyectos y recursos al instante, fomentando un verdadero esp\u00edritu de equipo. Acceder a los datos que necesitamos para tomar decisiones informadas ser\u00e1 cuesti\u00f3n de segundos, optimizando cada una de nuestras tareas&#8221; aseguraron las autoridades del Tribunal de Cuentas.<\/p>\n","protected":false},"excerpt":{"rendered":"<p>El Gobierno de Catamarca avanza en una transformaci\u00f3n clave en la infraestructura del Tribunal de Cuentas de la Provincia, que dejar\u00e1 atr\u00e1s su funcionamiento en seis locaciones alquiladas para para centralizar todas sus actividades en un nuevo edificio propio, moderno y adaptado a las demandas actuales de la gesti\u00f3n p\u00fablica. Este traslado no solo representa [&hellip;]<\/p>\n","protected":false},"author":2,"featured_media":4120,"comment_status":"open","ping_status":"open","sticky":false,"template":"","format":"standard","meta":{"footnotes":""},"categories":[21],"tags":[],"class_list":{"0":"post-4119","1":"post","2":"type-post","3":"status-publish","4":"format-standard","5":"has-post-thumbnail","7":"category-politica"},"aioseo_notices":[],"_links":{"self":[{"href":"https:\/\/elfaroonline.com.ar\/index.php\/wp-json\/wp\/v2\/posts\/4119","targetHints":{"allow":["GET"]}}],"collection":[{"href":"https:\/\/elfaroonline.com.ar\/index.php\/wp-json\/wp\/v2\/posts"}],"about":[{"href":"https:\/\/elfaroonline.com.ar\/index.php\/wp-json\/wp\/v2\/types\/post"}],"author":[{"embeddable":true,"href":"https:\/\/elfaroonline.com.ar\/index.php\/wp-json\/wp\/v2\/users\/2"}],"replies":[{"embeddable":true,"href":"https:\/\/elfaroonline.com.ar\/index.php\/wp-json\/wp\/v2\/comments?post=4119"}],"version-history":[{"count":1,"href":"https:\/\/elfaroonline.com.ar\/index.php\/wp-json\/wp\/v2\/posts\/4119\/revisions"}],"predecessor-version":[{"id":4121,"href":"https:\/\/elfaroonline.com.ar\/index.php\/wp-json\/wp\/v2\/posts\/4119\/revisions\/4121"}],"wp:featuredmedia":[{"embeddable":true,"href":"https:\/\/elfaroonline.com.ar\/index.php\/wp-json\/wp\/v2\/media\/4120"}],"wp:attachment":[{"href":"https:\/\/elfaroonline.com.ar\/index.php\/wp-json\/wp\/v2\/media?parent=4119"}],"wp:term":[{"taxonomy":"category","embeddable":true,"href":"https:\/\/elfaroonline.com.ar\/index.php\/wp-json\/wp\/v2\/categories?post=4119"},{"taxonomy":"post_tag","embeddable":true,"href":"https:\/\/elfaroonline.com.ar\/index.php\/wp-json\/wp\/v2\/tags?post=4119"}],"curies":[{"name":"wp","href":"https:\/\/api.w.org\/{rel}","templated":true}]}}