{"id":4122,"date":"2025-07-10T19:05:50","date_gmt":"2025-07-10T22:05:50","guid":{"rendered":"https:\/\/elfaroonline.com.ar\/?p=4122"},"modified":"2025-07-10T19:05:50","modified_gmt":"2025-07-10T22:05:50","slug":"la-ruta-42-pavimentada-un-sueno-hecho-realidad-para-los-altenos","status":"publish","type":"post","link":"https:\/\/elfaroonline.com.ar\/index.php\/2025\/07\/10\/la-ruta-42-pavimentada-un-sueno-hecho-realidad-para-los-altenos\/","title":{"rendered":"La Ruta 42 pavimentada, un sue\u00f1o hecho realidad para los alte\u00f1os"},"content":{"rendered":"<div dir=\"ltr\">\n<p class=\"v1MsoNormal\"><i>Ser\u00e1 inaugurada oficialmente los primeros d\u00edas de agosto.\u00a0<\/i><\/p>\n<p class=\"v1MsoNormal\">El Gobierno provincial ha completado otra obra clave del Corredor Vial Este: la pavimentaci\u00f3n de la Ruta Provincial N\u00b042, en el tramo Tintigasta-Cumbre de El Portezuelo.<\/p>\n<p class=\"v1MsoNormal\">En las \u00faltimas horas han finalizado las tareas de colocaci\u00f3n de la capa asf\u00e1ltica en el tramo de 30 kil\u00f3metros que conecta las localidades y en estos d\u00edas comienzan los trabajos de pintura y se\u00f1alizaci\u00f3n. Se prev\u00e9 que, para los primeros d\u00edas de agosto, la obra sea oficialmente inaugurada.<\/p>\n<p class=\"v1MsoNormal\">En sus redes sociales, el intendente de Los Altos, Ariel Ojeda, expres\u00f3 su agradecimiento a la gesti\u00f3n provincial por la obra. &#8220;Gracias Sr. Gobernador Ra\u00fal Jalil por hacer realidad este sue\u00f1o de toda una vida para nuestra gente. Esta obra es el resultado de las gestiones que llevamos para transformar El Alto. En agosto vamos a celebrar juntos la inauguraci\u00f3n oficial&#8221;.<\/p>\n<p class=\"v1MsoNormal\">Con esta intervenci\u00f3n vial, ya se han pavimentado m\u00e1s de 117 kil\u00f3metros de ruta en el Este provincial durante la gesti\u00f3n del gobernador Ra\u00fal Jalil (65 kil\u00f3metros en Ruta 7 Esqui\u00fa-Baviano, y 22 kil\u00f3metros en Ruta 2 San Antonio-Ica\u00f1o) en pos del desarrollo productivo y tur\u00edstico de la regi\u00f3n.<\/p>\n<p class=\"v1MsoNormal\">Actualmente, para completar el Corredor vial, la Provincia pavimenta un tramo de 18 kil\u00f3metros en Ruta 2 entre el empalme de Ruta Provincial N\u00b013 y la localidad de Anquincila, donde se encuentran trabajando m\u00e1quinas viales en tareas de movimiento de suelo y pavimentaci\u00f3n.<\/p>\n<\/div>\n","protected":false},"excerpt":{"rendered":"<p>Ser\u00e1 inaugurada oficialmente los primeros d\u00edas de agosto.\u00a0 El Gobierno provincial ha completado otra obra clave del Corredor Vial Este: la pavimentaci\u00f3n de la Ruta Provincial N\u00b042, en el tramo Tintigasta-Cumbre de El Portezuelo. En las \u00faltimas horas han finalizado las tareas de colocaci\u00f3n de la capa asf\u00e1ltica en el tramo de 30 kil\u00f3metros que [&hellip;]<\/p>\n","protected":false},"author":2,"featured_media":4123,"comment_status":"open","ping_status":"open","sticky":false,"template":"","format":"standard","meta":{"footnotes":""},"categories":[20],"tags":[],"class_list":{"0":"post-4122","1":"post","2":"type-post","3":"status-publish","4":"format-standard","5":"has-post-thumbnail","7":"category-sociedad"},"aioseo_notices":[],"_links":{"self":[{"href":"https:\/\/elfaroonline.com.ar\/index.php\/wp-json\/wp\/v2\/posts\/4122","targetHints":{"allow":["GET"]}}],"collection":[{"href":"https:\/\/elfaroonline.com.ar\/index.php\/wp-json\/wp\/v2\/posts"}],"about":[{"href":"https:\/\/elfaroonline.com.ar\/index.php\/wp-json\/wp\/v2\/types\/post"}],"author":[{"embeddable":true,"href":"https:\/\/elfaroonline.com.ar\/index.php\/wp-json\/wp\/v2\/users\/2"}],"replies":[{"embeddable":true,"href":"https:\/\/elfaroonline.com.ar\/index.php\/wp-json\/wp\/v2\/comments?post=4122"}],"version-history":[{"count":1,"href":"https:\/\/elfaroonline.com.ar\/index.php\/wp-json\/wp\/v2\/posts\/4122\/revisions"}],"predecessor-version":[{"id":4126,"href":"https:\/\/elfaroonline.com.ar\/index.php\/wp-json\/wp\/v2\/posts\/4122\/revisions\/4126"}],"wp:featuredmedia":[{"embeddable":true,"href":"https:\/\/elfaroonline.com.ar\/index.php\/wp-json\/wp\/v2\/media\/4123"}],"wp:attachment":[{"href":"https:\/\/elfaroonline.com.ar\/index.php\/wp-json\/wp\/v2\/media?parent=4122"}],"wp:term":[{"taxonomy":"category","embeddable":true,"href":"https:\/\/elfaroonline.com.ar\/index.php\/wp-json\/wp\/v2\/categories?post=4122"},{"taxonomy":"post_tag","embeddable":true,"href":"https:\/\/elfaroonline.com.ar\/index.php\/wp-json\/wp\/v2\/tags?post=4122"}],"curies":[{"name":"wp","href":"https:\/\/api.w.org\/{rel}","templated":true}]}}