{"id":4133,"date":"2025-07-10T19:04:41","date_gmt":"2025-07-10T22:04:41","guid":{"rendered":"https:\/\/elfaroonline.com.ar\/?p=4133"},"modified":"2025-07-10T19:04:41","modified_gmt":"2025-07-10T22:04:41","slug":"la-empresa-total-energies-analiza-ampliar-su-inversion-en-energia-fotovoltaica-en-catamarca","status":"publish","type":"post","link":"https:\/\/elfaroonline.com.ar\/index.php\/2025\/07\/10\/la-empresa-total-energies-analiza-ampliar-su-inversion-en-energia-fotovoltaica-en-catamarca\/","title":{"rendered":"La empresa Total Energies analiza ampliar su inversi\u00f3n en energ\u00eda fotovoltaica en Catamarca"},"content":{"rendered":"<div dir=\"ltr\">\n<p class=\"v1MsoNormal\">El gobernador Ra\u00fal Jalil, junto al ministro de Energ\u00eda, Agua y Medio Ambiente, Eduardo Niederle, y el vicepresidente de EC SAPEM, Eduardo Cusillo, recibi\u00f3 en Casa de Gobierno, a representantes de la empresa Total Energies, especializada en el desarrollo, construcci\u00f3n y operaci\u00f3n de activos de energ\u00edas renovables, con el objetivo de dialogar sobre las perspectivas de ampliaci\u00f3n de proyectos solares fotovoltaicos en Catamarca.<\/p>\n<p class=\"v1MsoNormal\">En la ocasi\u00f3n, directivos de Total Energies presentaron detalles del proyecto Parque Solar Amanecer, ubicado en el departamento Santa Mar\u00eda, que actualmente dispone de m\u00e1s de 23.500 paneles solares fotovoltaicos bifaciales, una capacidad instalada de 13.6 MWp y una generaci\u00f3n estimada de 35 GWh al a\u00f1o, suficiente para abastecer el consumo el\u00e9ctrico de aproximadamente 12.700 hogares.<\/p>\n<p class=\"v1MsoNormal\">A partir de la experiencia positiva del proyecto Amanecer, la empresa inform\u00f3 que trabaja en un pipeline de m\u00e1s de 300 MW en distintas zonas del territorio provincial, que est\u00e1n siendo evaluados como potenciales futuras inversiones en generaci\u00f3n de energ\u00eda limpia y sostenible.<\/p>\n<p class=\"v1MsoNormal\">En un trabajo articulado y en sinergia de lo p\u00fablico-privado, el Gobierno provincial avanza con mejoras en la infraestructura energ\u00e9tica de todo el territorio provincial con el objetivo de que todos los catamarque\u00f1os cuenten con un servicio de calidad.<\/p>\n<\/div>\n","protected":false},"excerpt":{"rendered":"<p>El gobernador Ra\u00fal Jalil, junto al ministro de Energ\u00eda, Agua y Medio Ambiente, Eduardo Niederle, y el vicepresidente de EC SAPEM, Eduardo Cusillo, recibi\u00f3 en Casa de Gobierno, a representantes de la empresa Total Energies, especializada en el desarrollo, construcci\u00f3n y operaci\u00f3n de activos de energ\u00edas renovables, con el objetivo de dialogar sobre las perspectivas [&hellip;]<\/p>\n","protected":false},"author":2,"featured_media":4134,"comment_status":"open","ping_status":"open","sticky":false,"template":"","format":"standard","meta":{"footnotes":""},"categories":[21],"tags":[],"class_list":{"0":"post-4133","1":"post","2":"type-post","3":"status-publish","4":"format-standard","5":"has-post-thumbnail","7":"category-politica"},"aioseo_notices":[],"_links":{"self":[{"href":"https:\/\/elfaroonline.com.ar\/index.php\/wp-json\/wp\/v2\/posts\/4133","targetHints":{"allow":["GET"]}}],"collection":[{"href":"https:\/\/elfaroonline.com.ar\/index.php\/wp-json\/wp\/v2\/posts"}],"about":[{"href":"https:\/\/elfaroonline.com.ar\/index.php\/wp-json\/wp\/v2\/types\/post"}],"author":[{"embeddable":true,"href":"https:\/\/elfaroonline.com.ar\/index.php\/wp-json\/wp\/v2\/users\/2"}],"replies":[{"embeddable":true,"href":"https:\/\/elfaroonline.com.ar\/index.php\/wp-json\/wp\/v2\/comments?post=4133"}],"version-history":[{"count":1,"href":"https:\/\/elfaroonline.com.ar\/index.php\/wp-json\/wp\/v2\/posts\/4133\/revisions"}],"predecessor-version":[{"id":4135,"href":"https:\/\/elfaroonline.com.ar\/index.php\/wp-json\/wp\/v2\/posts\/4133\/revisions\/4135"}],"wp:featuredmedia":[{"embeddable":true,"href":"https:\/\/elfaroonline.com.ar\/index.php\/wp-json\/wp\/v2\/media\/4134"}],"wp:attachment":[{"href":"https:\/\/elfaroonline.com.ar\/index.php\/wp-json\/wp\/v2\/media?parent=4133"}],"wp:term":[{"taxonomy":"category","embeddable":true,"href":"https:\/\/elfaroonline.com.ar\/index.php\/wp-json\/wp\/v2\/categories?post=4133"},{"taxonomy":"post_tag","embeddable":true,"href":"https:\/\/elfaroonline.com.ar\/index.php\/wp-json\/wp\/v2\/tags?post=4133"}],"curies":[{"name":"wp","href":"https:\/\/api.w.org\/{rel}","templated":true}]}}