{"id":4136,"date":"2025-07-10T19:04:20","date_gmt":"2025-07-10T22:04:20","guid":{"rendered":"https:\/\/elfaroonline.com.ar\/?p=4136"},"modified":"2025-07-10T19:04:20","modified_gmt":"2025-07-10T22:04:20","slug":"raul-jalil-confirmo-el-pago-de-un-bono-extraordinario-para-becados","status":"publish","type":"post","link":"https:\/\/elfaroonline.com.ar\/index.php\/2025\/07\/10\/raul-jalil-confirmo-el-pago-de-un-bono-extraordinario-para-becados\/","title":{"rendered":"Ra\u00fal Jalil  confirm\u00f3 el pago de un Bono Extraordinario para becados"},"content":{"rendered":"<p class=\"v1MsoNormal\">El gobernador Ra\u00fal Jalil confirm\u00f3 que el pr\u00f3ximo mi\u00e9rcoles 16 de julio se har\u00e1 efectivo el pago de una bonificaci\u00f3n extraordinaria de $80.000, por \u00fanica vez, destinada a los beneficiarios de los programas de Becas Catamarca Incluye y Plan Arraigo para pueblos Originarios<\/p>\n<p class=\"v1MsoNormal\">Este refuerzo econ\u00f3mico forma parte de las acciones implementadas por el Ejecutivo provincial para acompa\u00f1ar a los sectores m\u00e1s vulnerables, en un contexto econ\u00f3mico complejo que impacta directamente en las familias catamarque\u00f1as.<\/p>\n","protected":false},"excerpt":{"rendered":"<p>El gobernador Ra\u00fal Jalil confirm\u00f3 que el pr\u00f3ximo mi\u00e9rcoles 16 de julio se har\u00e1 efectivo el pago de una bonificaci\u00f3n extraordinaria de $80.000, por \u00fanica vez, destinada a los beneficiarios de los programas de Becas Catamarca Incluye y Plan Arraigo para pueblos Originarios Este refuerzo econ\u00f3mico forma parte de las acciones implementadas por el Ejecutivo [&hellip;]<\/p>\n","protected":false},"author":2,"featured_media":4137,"comment_status":"open","ping_status":"open","sticky":false,"template":"","format":"standard","meta":{"footnotes":""},"categories":[21],"tags":[],"class_list":{"0":"post-4136","1":"post","2":"type-post","3":"status-publish","4":"format-standard","5":"has-post-thumbnail","7":"category-politica"},"aioseo_notices":[],"_links":{"self":[{"href":"https:\/\/elfaroonline.com.ar\/index.php\/wp-json\/wp\/v2\/posts\/4136","targetHints":{"allow":["GET"]}}],"collection":[{"href":"https:\/\/elfaroonline.com.ar\/index.php\/wp-json\/wp\/v2\/posts"}],"about":[{"href":"https:\/\/elfaroonline.com.ar\/index.php\/wp-json\/wp\/v2\/types\/post"}],"author":[{"embeddable":true,"href":"https:\/\/elfaroonline.com.ar\/index.php\/wp-json\/wp\/v2\/users\/2"}],"replies":[{"embeddable":true,"href":"https:\/\/elfaroonline.com.ar\/index.php\/wp-json\/wp\/v2\/comments?post=4136"}],"version-history":[{"count":1,"href":"https:\/\/elfaroonline.com.ar\/index.php\/wp-json\/wp\/v2\/posts\/4136\/revisions"}],"predecessor-version":[{"id":4138,"href":"https:\/\/elfaroonline.com.ar\/index.php\/wp-json\/wp\/v2\/posts\/4136\/revisions\/4138"}],"wp:featuredmedia":[{"embeddable":true,"href":"https:\/\/elfaroonline.com.ar\/index.php\/wp-json\/wp\/v2\/media\/4137"}],"wp:attachment":[{"href":"https:\/\/elfaroonline.com.ar\/index.php\/wp-json\/wp\/v2\/media?parent=4136"}],"wp:term":[{"taxonomy":"category","embeddable":true,"href":"https:\/\/elfaroonline.com.ar\/index.php\/wp-json\/wp\/v2\/categories?post=4136"},{"taxonomy":"post_tag","embeddable":true,"href":"https:\/\/elfaroonline.com.ar\/index.php\/wp-json\/wp\/v2\/tags?post=4136"}],"curies":[{"name":"wp","href":"https:\/\/api.w.org\/{rel}","templated":true}]}}