{"id":4142,"date":"2025-07-10T19:03:38","date_gmt":"2025-07-10T22:03:38","guid":{"rendered":"https:\/\/elfaroonline.com.ar\/?p=4142"},"modified":"2025-07-10T19:03:38","modified_gmt":"2025-07-10T22:03:38","slug":"procesaron-al-ex-presidente-alberto-fernandez-en-la-causa-seguros","status":"publish","type":"post","link":"https:\/\/elfaroonline.com.ar\/index.php\/2025\/07\/10\/procesaron-al-ex-presidente-alberto-fernandez-en-la-causa-seguros\/","title":{"rendered":"Procesaron al ex presidente Alberto Fern\u00e1ndez en la causa Seguros"},"content":{"rendered":"<p>El juez Sebasti\u00e1n Casanello proces\u00f3 al ex presidente<b> Alberto Fern\u00e1ndez <\/b>por la causa Seguros y le aplic\u00f3 un embargo sobre sus bienes de $14.634.220.283. Es por la firma del decreto 823, que termin\u00f3 con el sistema de coaseguro y le entreg\u00f3 el monopolio a Naci\u00f3n Seguros.<br \/>\nEl procesamiento es por el delito de <b>negociaciones incompatibles con el ejercicio de la funci\u00f3n p\u00fablica<\/b>, en calidad de autor.<\/p>\n<p>En un fallo de m\u00e1s de 400 p\u00e1ginas, Casanello tambi\u00e9n proces\u00f3 al empresario <b>H\u00e9ctor Mart\u00ednez Sosa<\/b> y a su mujer, Mar\u00eda Cantero, la hist\u00f3rica secretaria de Fern\u00e1ndez.<\/p>\n<p class=\"paragraph\" data-mrf-recirculation=\"Links inline\">El juez determin\u00f3 que la designaci\u00f3n de Cantero en la Casa Rosada gener\u00f3 una \u201cconfusi\u00f3n de intereses\u201d. <b>\u201cSu solo nombramiento, dada la sensibilidad de las tareas a cumplir -en especial, su contacto inmediato con la agenda y los quehaceres diarios del primer mandatario- supon\u00eda, ya de base, la creaci\u00f3n de un riesgo objetivo que exig\u00eda mecanismos de mitigaci\u00f3n proporcionales a la amenaza\u201d,<\/b> dice el fallo.<\/p>\n<p class=\"paragraph\" data-mrf-recirculation=\"Links inline\">Y agrega: \u201cLa evidencia reunida mostr\u00f3, adem\u00e1s, que la vinculaci\u00f3n entre Fern\u00e1ndez, Mart\u00ednez Sosa y Cantero, tanto en la etapa previa a la asunci\u00f3n del cargo como durante el desarrollo del mandato presidencial, excedi\u00f3 la de una mera relaci\u00f3n de amistad y\/o laboral. A la par de un trato frecuente y cercano (reflejado en m\u00faltiples intercambios por WhatsApp, llamadas telef\u00f3nicas, visitas y registros fotogr\u00e1ficos), se comprob\u00f3 la entrega de obsequios, flujos dinerarios y gesti\u00f3n de favores personales\u201d.<\/p>\n<p data-mrf-recirculation=\"Links inline\">Efectivamente, Mart\u00ednez Sosa aprovech\u00f3 como pocos el paso de su amigo Alberto Fern\u00e1ndez por la Casa Rosada. El empresario y sus \u201csat\u00e9lites\u201d cobraron $2.297.820.134, <b>casi el 60% de las comisiones pagadas entre 2019 y 2023.<\/b><\/p>\n","protected":false},"excerpt":{"rendered":"<p>El juez Sebasti\u00e1n Casanello proces\u00f3 al ex presidente Alberto Fern\u00e1ndez por la causa Seguros y le aplic\u00f3 un embargo sobre sus bienes de $14.634.220.283. Es por la firma del decreto 823, que termin\u00f3 con el sistema de coaseguro y le entreg\u00f3 el monopolio a Naci\u00f3n Seguros. El procesamiento es por el delito de negociaciones incompatibles [&hellip;]<\/p>\n","protected":false},"author":2,"featured_media":4143,"comment_status":"open","ping_status":"open","sticky":false,"template":"","format":"standard","meta":{"footnotes":""},"categories":[22,27],"tags":[],"class_list":{"0":"post-4142","1":"post","2":"type-post","3":"status-publish","4":"format-standard","5":"has-post-thumbnail","7":"category-nacionales","8":"category-policiales"},"aioseo_notices":[],"_links":{"self":[{"href":"https:\/\/elfaroonline.com.ar\/index.php\/wp-json\/wp\/v2\/posts\/4142","targetHints":{"allow":["GET"]}}],"collection":[{"href":"https:\/\/elfaroonline.com.ar\/index.php\/wp-json\/wp\/v2\/posts"}],"about":[{"href":"https:\/\/elfaroonline.com.ar\/index.php\/wp-json\/wp\/v2\/types\/post"}],"author":[{"embeddable":true,"href":"https:\/\/elfaroonline.com.ar\/index.php\/wp-json\/wp\/v2\/users\/2"}],"replies":[{"embeddable":true,"href":"https:\/\/elfaroonline.com.ar\/index.php\/wp-json\/wp\/v2\/comments?post=4142"}],"version-history":[{"count":1,"href":"https:\/\/elfaroonline.com.ar\/index.php\/wp-json\/wp\/v2\/posts\/4142\/revisions"}],"predecessor-version":[{"id":4144,"href":"https:\/\/elfaroonline.com.ar\/index.php\/wp-json\/wp\/v2\/posts\/4142\/revisions\/4144"}],"wp:featuredmedia":[{"embeddable":true,"href":"https:\/\/elfaroonline.com.ar\/index.php\/wp-json\/wp\/v2\/media\/4143"}],"wp:attachment":[{"href":"https:\/\/elfaroonline.com.ar\/index.php\/wp-json\/wp\/v2\/media?parent=4142"}],"wp:term":[{"taxonomy":"category","embeddable":true,"href":"https:\/\/elfaroonline.com.ar\/index.php\/wp-json\/wp\/v2\/categories?post=4142"},{"taxonomy":"post_tag","embeddable":true,"href":"https:\/\/elfaroonline.com.ar\/index.php\/wp-json\/wp\/v2\/tags?post=4142"}],"curies":[{"name":"wp","href":"https:\/\/api.w.org\/{rel}","templated":true}]}}