{"id":4145,"date":"2025-07-10T19:03:19","date_gmt":"2025-07-10T22:03:19","guid":{"rendered":"https:\/\/elfaroonline.com.ar\/?p=4145"},"modified":"2025-07-10T19:03:19","modified_gmt":"2025-07-10T22:03:19","slug":"caso-maradona-suspendieron-hasta-nuevo-aviso-el-juicio-por-jurados-a-la-enfermera","status":"publish","type":"post","link":"https:\/\/elfaroonline.com.ar\/index.php\/2025\/07\/10\/caso-maradona-suspendieron-hasta-nuevo-aviso-el-juicio-por-jurados-a-la-enfermera\/","title":{"rendered":"Caso Maradona: suspendieron hasta nuevo aviso el juicio por jurados a la enfermera"},"content":{"rendered":"<p>As\u00ed lo defini\u00f3 la jueza t\u00e9cnica Mar\u00eda Coelho, a cargo del debate. Su reanudaci\u00f3n est\u00e1 sujeta a que se determinen los alcances de la nulidad decretada por el esc\u00e1ndalo de Julieta Makintach con el documental \u201cJusticia Divina\u201d.<\/p>\n<p class=\"paragraph\" data-mrf-recirculation=\"Links inline\">Su voluntad -avalada por el c\u00f3digo penal bonaerense- <b>segu\u00eda en pie a pesar de lo ocurrido <\/b>en el debate oral anulado por el documental que la magistrada investigada grababa a escondidas. Sin embargo, despu\u00e9s de tanto trastabillar, este jueves <b>finalmente qued\u00f3 en <\/b><i><b>stand by<\/b><\/i><b>.<\/b><\/p>\n<div class=\"inline ad-wrapper\">\n<div class=\"dfpAd ad-inline\"><\/div>\n<\/div>\n<p class=\"paragraph\" data-mrf-recirculation=\"Links inline\">As\u00ed lo resolvi\u00f3 la jueza t\u00e9cnica<b> Mar\u00eda Coelho<\/b>, a cargo de este otro proceso por la muerte del Diez, quien defini\u00f3 que<b> la continuaci\u00f3n del juicio contra Madrid quede sujeta a la definici\u00f3n sobre los alcances que tiene la nulidad<\/b> decretada previamente por los jueces del TOC N\u00ba3 de San Isidro.<\/p>\n<p class=\"paragraph\" data-mrf-recirculation=\"Links inline\">La decisi\u00f3n de Coelho fue comunicada en la audiencia preliminar realizada este jueves, en la que las partes iban a ponerse de acuerdo con las pruebas a presentar en el proceso oral y <b>luego fijar la fecha <\/b>para comenzar el debate.<\/p>\n<p class=\"paragraph\" data-mrf-recirculation=\"Links inline\">Pero como todo en el marco de esta causa, <b>nada fue como se esperaba:<\/b> al comienzo de la jornada, los abogados Burlando y Am\u00e9ndola, representantes de <b>Dalma y Giannina Maradona<\/b>, pidieron<b> la suspensi\u00f3n de la audiencia tras alegar que tambi\u00e9n hab\u00eda quedado anulada<\/b> con la resoluci\u00f3n dictada por los otros magistrados.<\/p>\n<p class=\"paragraph\" data-mrf-recirculation=\"Links inline\">El planteo provoc\u00f3 un clima de<b> tensi\u00f3n en la sala y la inmediata reacci\u00f3n de Rodolfo Baqu\u00e9, <\/b>el defensor de la enfermera imputada, quien protagoniz\u00f3<b> cruces con los abogados querellantes, los fiscales y hasta con la propia jueza,<\/b> a quien la acus\u00f3 varias veces de vulnerar el derecho de la defensa.<\/p>\n<p class=\"paragraph\" data-mrf-recirculation=\"Links inline\">Coelho, por su parte, <b>debi\u00f3 intervenir para paliar las discusiones <\/b>entre las partes y hasta advirti\u00f3 a los letrados sobre las consecuencias de continuar alterando la jornada.<\/p>\n<p class=\"paragraph\" data-mrf-recirculation=\"Links inline\">La postura de los abogados, no obstante, <b>fue adherida por toda la querella y los fiscales Patricio Ferrari y Come Iribarren.<\/b> El que se distingui\u00f3 en su intervenci\u00f3n fue<b> Felix Linfante<\/b>, representante de Jana Maradona, quien dijo compartir lo planteado por sus colegas, pero hizo hincapi\u00e9 en una salvedad que fue crucial.<\/p>\n<p class=\"paragraph\" data-mrf-recirculation=\"Links inline\">El abogado se\u00f1al\u00f3 que la nulidad decretada en el marco del juicio ensuciado por la participaci\u00f3n de Makintach en el documental<b> fue resuelta por un tribunal de solo dos jueces, es decir, desintegrado.<\/b> Esto es debido a que la magistrada del esc\u00e1ndalo hab\u00eda sido recusada del proceso previamente.<\/p>\n<p class=\"paragraph\" data-mrf-recirculation=\"Links inline\">En este sentido, dijo que <b>lo correspondiente ser\u00eda que el nuevo \u00f3rgano designado para la causa (el TOC N\u00ba7) se expida sobre la resoluci\u00f3n y determine los alcances de la nulidad<\/b>: si esta se aplica solamente para el juicio que estaba en curso o si es desde las audiencias previas, en las que justamente se defini\u00f3 que la enfermera Madrid enfrente un juicio por jurados.<\/p>\n<p class=\"paragraph\" data-mrf-recirculation=\"Links inline\">De esta exposici\u00f3n tom\u00f3 sus fundamentos la jueza Coelho para comunicar su resoluci\u00f3n. No obstante, antes escuch\u00f3 la defensa de Baqu\u00e9, quien cuestion\u00f3 la presentaci\u00f3n de los abogados, los trat\u00f3 de \u201cburros\u201d por no entender las resoluciones judiciales y denunci\u00f3 <b>una \u201cestafa procesal\u201d.<\/b><\/p>\n<p class=\"paragraph\" data-mrf-recirculation=\"Links inline\">En este contexto, le pidi\u00f3 a la magistrada que <b>no haga lugar a la solicitud y que pida una lista de 50 testigos<\/b> para seguir con el juicio a su defendida y poner fecha de inicio.<\/p>\n<p class=\"paragraph\" data-mrf-recirculation=\"Links inline\">Tras un cuarto intermedio, la magistrada -que hab\u00eda comenzado la jornada apuntando contra Makintach por colaborar con la \u201cya desdibujada reputaci\u00f3n de la justicia argentina\u201d- decidi\u00f3 finalmente<b> suspender la audiencia preliminar y dejar el juicio por jurados en <\/b><i><b>stand by<\/b><\/i><b>.<\/b><\/p>\n<p class=\"paragraph\" data-mrf-recirculation=\"Links inline\">\u201cEs preferible suspender esta audiencia preliminar hasta que se resuelva el alcance de la nulidad\u201d, dijo, se\u00f1alando que era la mejor opci\u00f3n para evitar nulidades a futuro.<\/p>\n<p class=\"paragraph\" data-mrf-recirculation=\"Links inline\">Sobre el pedido de Baqu\u00e9, por su parte, explic\u00f3 que se trata de una causa compleja en la que es mejor aguardar la resoluci\u00f3n de los jueces del TOC N\u00ba7 que apurarse a hacer un juicio donde la imputada ni siquiera est\u00e1 detenida y contin\u00faa su vida en libertad hasta que se resuelva su situaci\u00f3n judicial.<\/p>\n","protected":false},"excerpt":{"rendered":"<p>As\u00ed lo defini\u00f3 la jueza t\u00e9cnica Mar\u00eda Coelho, a cargo del debate. Su reanudaci\u00f3n est\u00e1 sujeta a que se determinen los alcances de la nulidad decretada por el esc\u00e1ndalo de Julieta Makintach con el documental \u201cJusticia Divina\u201d. Su voluntad -avalada por el c\u00f3digo penal bonaerense- segu\u00eda en pie a pesar de lo ocurrido en el [&hellip;]<\/p>\n","protected":false},"author":2,"featured_media":4146,"comment_status":"open","ping_status":"open","sticky":false,"template":"","format":"standard","meta":{"footnotes":""},"categories":[22,27],"tags":[],"class_list":{"0":"post-4145","1":"post","2":"type-post","3":"status-publish","4":"format-standard","5":"has-post-thumbnail","7":"category-nacionales","8":"category-policiales"},"aioseo_notices":[],"_links":{"self":[{"href":"https:\/\/elfaroonline.com.ar\/index.php\/wp-json\/wp\/v2\/posts\/4145","targetHints":{"allow":["GET"]}}],"collection":[{"href":"https:\/\/elfaroonline.com.ar\/index.php\/wp-json\/wp\/v2\/posts"}],"about":[{"href":"https:\/\/elfaroonline.com.ar\/index.php\/wp-json\/wp\/v2\/types\/post"}],"author":[{"embeddable":true,"href":"https:\/\/elfaroonline.com.ar\/index.php\/wp-json\/wp\/v2\/users\/2"}],"replies":[{"embeddable":true,"href":"https:\/\/elfaroonline.com.ar\/index.php\/wp-json\/wp\/v2\/comments?post=4145"}],"version-history":[{"count":1,"href":"https:\/\/elfaroonline.com.ar\/index.php\/wp-json\/wp\/v2\/posts\/4145\/revisions"}],"predecessor-version":[{"id":4147,"href":"https:\/\/elfaroonline.com.ar\/index.php\/wp-json\/wp\/v2\/posts\/4145\/revisions\/4147"}],"wp:featuredmedia":[{"embeddable":true,"href":"https:\/\/elfaroonline.com.ar\/index.php\/wp-json\/wp\/v2\/media\/4146"}],"wp:attachment":[{"href":"https:\/\/elfaroonline.com.ar\/index.php\/wp-json\/wp\/v2\/media?parent=4145"}],"wp:term":[{"taxonomy":"category","embeddable":true,"href":"https:\/\/elfaroonline.com.ar\/index.php\/wp-json\/wp\/v2\/categories?post=4145"},{"taxonomy":"post_tag","embeddable":true,"href":"https:\/\/elfaroonline.com.ar\/index.php\/wp-json\/wp\/v2\/tags?post=4145"}],"curies":[{"name":"wp","href":"https:\/\/api.w.org\/{rel}","templated":true}]}}