{"id":4149,"date":"2025-07-10T19:02:31","date_gmt":"2025-07-10T22:02:31","guid":{"rendered":"https:\/\/elfaroonline.com.ar\/?p=4149"},"modified":"2025-07-10T19:02:31","modified_gmt":"2025-07-10T22:02:31","slug":"hallan-fosa-con-mas-de-20-cuerpos-en-cordoba-cerca-de-antiguo-centro-clandestino","status":"publish","type":"post","link":"https:\/\/elfaroonline.com.ar\/index.php\/2025\/07\/10\/hallan-fosa-con-mas-de-20-cuerpos-en-cordoba-cerca-de-antiguo-centro-clandestino\/","title":{"rendered":"Hallan fosa con m\u00e1s de 20 cuerpos en C\u00f3rdoba, cerca de antiguo centro clandestino"},"content":{"rendered":"<p><strong>Un descubrimiento escalofriante tuvo lugar en las \u00faltimas horas en un terreno vac\u00edo del barrio Campo de la Ribera<\/strong>, en el sudeste de la ciudad de <strong>C\u00f3rdoba<\/strong>, donde se encontr\u00f3 una fosa com\u00fan con al menos 20 cad\u00e1veres.<\/p>\n<p><strong>Este hallazgo se produjo durante tareas de excavaci\u00f3n<\/strong> y gener\u00f3 gran conmoci\u00f3n en la comunidad, debido a su proximidad a un antiguo centro clandestino que oper\u00f3 durante la \u00faltima dictadura militar en Argentina.<\/p>\n<p>Inmediatamente despu\u00e9s del descubrimiento, se notific\u00f3 a las autoridades competentes, quienes iniciaron labores de an\u00e1lisis con la intervenci\u00f3n de equipos forenses.<\/p>\n<p><strong>De acuerdo con informaci\u00f3n preliminar, los restos encontrados no estar\u00edan relacionados con el terrorismo de Estado<\/strong>, sino que se presume que pertenecen a v\u00edctimas de una epidemia de c\u00f3lera que afect\u00f3 al pa\u00eds a finales del siglo XIX, particularmente en el a\u00f1o 1880.<\/p>\n<p>No es la primera vez que emergen restos en esta \u00e1rea; previamente, durante trabajos de urbanizaci\u00f3n en el barrio, se hallaron restos similares que igualmente se asociaron a la mencionada epidemia.<\/p>\n<p>Este nuevo hallazgo revitaliza el debate sobre la compleja historia del sitio. El <strong>Campo de la Ribera, uno de los centros clandestinos m\u00e1s representativos de C\u00f3rdoba<\/strong>, funcion\u00f3 entre 1975 y 1978, y fue conocido por ser un lugar de detenciones ilegales, torturas y desapariciones forzadas.<\/p>\n<p>A pesar de que el legado del hallazgo actual remite a una tragedia sanitaria de otra \u00e9poca, la superposici\u00f3n de memorias tr\u00e1gicas convierte a esta regi\u00f3n en un punto neur\u00e1lgico de la memoria hist\u00f3rica y la b\u00fasqueda de verdad.<\/p>\n","protected":false},"excerpt":{"rendered":"<p>Un descubrimiento escalofriante tuvo lugar en las \u00faltimas horas en un terreno vac\u00edo del barrio Campo de la Ribera, en el sudeste de la ciudad de C\u00f3rdoba, donde se encontr\u00f3 una fosa com\u00fan con al menos 20 cad\u00e1veres. Este hallazgo se produjo durante tareas de excavaci\u00f3n y gener\u00f3 gran conmoci\u00f3n en la comunidad, debido a [&hellip;]<\/p>\n","protected":false},"author":2,"featured_media":4150,"comment_status":"open","ping_status":"open","sticky":false,"template":"","format":"standard","meta":{"footnotes":""},"categories":[22,27],"tags":[],"class_list":{"0":"post-4149","1":"post","2":"type-post","3":"status-publish","4":"format-standard","5":"has-post-thumbnail","7":"category-nacionales","8":"category-policiales"},"aioseo_notices":[],"_links":{"self":[{"href":"https:\/\/elfaroonline.com.ar\/index.php\/wp-json\/wp\/v2\/posts\/4149","targetHints":{"allow":["GET"]}}],"collection":[{"href":"https:\/\/elfaroonline.com.ar\/index.php\/wp-json\/wp\/v2\/posts"}],"about":[{"href":"https:\/\/elfaroonline.com.ar\/index.php\/wp-json\/wp\/v2\/types\/post"}],"author":[{"embeddable":true,"href":"https:\/\/elfaroonline.com.ar\/index.php\/wp-json\/wp\/v2\/users\/2"}],"replies":[{"embeddable":true,"href":"https:\/\/elfaroonline.com.ar\/index.php\/wp-json\/wp\/v2\/comments?post=4149"}],"version-history":[{"count":1,"href":"https:\/\/elfaroonline.com.ar\/index.php\/wp-json\/wp\/v2\/posts\/4149\/revisions"}],"predecessor-version":[{"id":4151,"href":"https:\/\/elfaroonline.com.ar\/index.php\/wp-json\/wp\/v2\/posts\/4149\/revisions\/4151"}],"wp:featuredmedia":[{"embeddable":true,"href":"https:\/\/elfaroonline.com.ar\/index.php\/wp-json\/wp\/v2\/media\/4150"}],"wp:attachment":[{"href":"https:\/\/elfaroonline.com.ar\/index.php\/wp-json\/wp\/v2\/media?parent=4149"}],"wp:term":[{"taxonomy":"category","embeddable":true,"href":"https:\/\/elfaroonline.com.ar\/index.php\/wp-json\/wp\/v2\/categories?post=4149"},{"taxonomy":"post_tag","embeddable":true,"href":"https:\/\/elfaroonline.com.ar\/index.php\/wp-json\/wp\/v2\/tags?post=4149"}],"curies":[{"name":"wp","href":"https:\/\/api.w.org\/{rel}","templated":true}]}}