{"id":415,"date":"2024-05-02T10:32:16","date_gmt":"2024-05-02T13:32:16","guid":{"rendered":"https:\/\/elfaroonline.com.ar\/?p=415"},"modified":"2024-05-02T10:32:16","modified_gmt":"2024-05-02T13:32:16","slug":"raul-jalil-anuncio-un-plan-de-creditos-hipotecarios","status":"publish","type":"post","link":"https:\/\/elfaroonline.com.ar\/index.php\/2024\/05\/02\/raul-jalil-anuncio-un-plan-de-creditos-hipotecarios\/","title":{"rendered":"Ra\u00fal Jalil  anunci\u00f3 un plan de cr\u00e9ditos hipotecarios"},"content":{"rendered":"<p class=\"v1MsoNormal\"><i>Durante su discurso en el inicio del 135\u00b0 per\u00edodo de Sesiones Ordinarias.<\/i><\/p>\n<p class=\"v1MsoNormal\">El gobernador de la provincia, Ra\u00fal Jalil, anunci\u00f3 la instrumentaci\u00f3n de un nuevo plan de cr\u00e9ditos hipotecarios que tendr\u00e1n la caracter\u00edstica de estar estructurado a largo plazo y con una tasa de inter\u00e9s baja, constituy\u00e9ndose en una nueva l\u00ednea de acci\u00f3n en materia econ\u00f3mica que implementa el Gobierno catamarque\u00f1o en beneficio de la sociedad.<\/p>\n<p class=\"v1MsoNormal\">El anuncio fue realizado, este primero de mayo, por el mandatario provincial en oportunidad de materializar su discurso en la Asamblea Legislativa, en ocasi\u00f3n de dar inicio al 135\u00b0 Per\u00edodo de Sesiones Ordinarias del Poder Legislativo provincial y brindar un detallado informe sobre la situaci\u00f3n general del Estado Provincial.<\/p>\n<p class=\"v1MsoNormal\">La iniciativa apunta a avanzar con un nuevo plan de cr\u00e9ditos hipotecarios con la caracter\u00edstica principal de estar dise\u00f1ado a largo plazo y con tasa baja. Concretamente, cada pr\u00e9stamo tendr\u00e1 un valor m\u00e1ximo de treinta millones de pesos ($30.000.000) y se traducir\u00e1 en una inyecci\u00f3n de $4.000 millones de pesos en el circuito econ\u00f3mico catamarque\u00f1o. &#8220;Cada medida de ahorro y de mejora en la recaudaci\u00f3n est\u00e1 destinada a sostener el dinamismo de la actividad econ\u00f3mica y mantener a la actividad del Estado cerca de la gente&#8221;, expres\u00f3 el Gobernador.<\/p>\n<p class=\"v1MsoNormal\">Adem\u00e1s, Ra\u00fal tambi\u00e9n dio a conocer la implementaci\u00f3n de una nueva l\u00ednea de cr\u00e9ditos que estar\u00e1n orientados a desarrollar y optimizar la actividad productiva local. &#8220;Lo vamos a hacer con herramientas como la Caja de Cr\u00e9ditos y Prestaciones y la nueva empresa FOGACAT, con las cuales las pymes podr\u00e1n acceder a nuevas posibilidades de inversi\u00f3n&#8221;, sostuvo al tiempo que asegur\u00f3 que, en los primeros a\u00f1os de gesti\u00f3n, la provincia de Catamarca procedi\u00f3 a invertir m\u00e1s de $3.625 millones de pesos en cr\u00e9ditos a tasa baja. Dicha inversi\u00f3n se inclin\u00f3 a materializar proyectos de viviendas, producci\u00f3n, turismo y emprendedurismo.<\/p>\n<p class=\"v1MsoNormal\">A partir de este momento, la Caja de Cr\u00e9ditos reforzar\u00e1 su tarea habitual orientando su trabajo al desarrollo econ\u00f3mico local con una mirada social.<\/p>\n<p>Durante su discurso, el mandatario explic\u00f3 que ya se procedi\u00f3 a la correspondiente firma de acuerdos con el Consejo Federal de Inversiones (CFI) para contar con l\u00edneas de cr\u00e9dito destinadas al financiamiento de proyectos orientados al uso de fuentes sustentables de energ\u00eda, el fortalecimiento de las cadenas de valor de la miner\u00eda, el turismo y la agroindustria, como tambi\u00e9n al desarrollo productivo y financiero de empresas lideradas por mujeres. &#8220;Esto representar\u00e1 otro est\u00edmulo que tiene previsto alrededor de $2.300 millones de pesos para el sector privado y que ya est\u00e1 disponible&#8221;, expres\u00f3.<\/p>\n","protected":false},"excerpt":{"rendered":"<p>Durante su discurso en el inicio del 135\u00b0 per\u00edodo de Sesiones Ordinarias. El gobernador de la provincia, Ra\u00fal Jalil, anunci\u00f3 la instrumentaci\u00f3n de un nuevo plan de cr\u00e9ditos hipotecarios que tendr\u00e1n la caracter\u00edstica de estar estructurado a largo plazo y con una tasa de inter\u00e9s baja, constituy\u00e9ndose en una nueva l\u00ednea de acci\u00f3n en materia [&hellip;]<\/p>\n","protected":false},"author":2,"featured_media":416,"comment_status":"open","ping_status":"open","sticky":false,"template":"","format":"standard","meta":{"footnotes":""},"categories":[21],"tags":[],"class_list":{"0":"post-415","1":"post","2":"type-post","3":"status-publish","4":"format-standard","5":"has-post-thumbnail","7":"category-politica"},"aioseo_notices":[],"_links":{"self":[{"href":"https:\/\/elfaroonline.com.ar\/index.php\/wp-json\/wp\/v2\/posts\/415","targetHints":{"allow":["GET"]}}],"collection":[{"href":"https:\/\/elfaroonline.com.ar\/index.php\/wp-json\/wp\/v2\/posts"}],"about":[{"href":"https:\/\/elfaroonline.com.ar\/index.php\/wp-json\/wp\/v2\/types\/post"}],"author":[{"embeddable":true,"href":"https:\/\/elfaroonline.com.ar\/index.php\/wp-json\/wp\/v2\/users\/2"}],"replies":[{"embeddable":true,"href":"https:\/\/elfaroonline.com.ar\/index.php\/wp-json\/wp\/v2\/comments?post=415"}],"version-history":[{"count":1,"href":"https:\/\/elfaroonline.com.ar\/index.php\/wp-json\/wp\/v2\/posts\/415\/revisions"}],"predecessor-version":[{"id":417,"href":"https:\/\/elfaroonline.com.ar\/index.php\/wp-json\/wp\/v2\/posts\/415\/revisions\/417"}],"wp:featuredmedia":[{"embeddable":true,"href":"https:\/\/elfaroonline.com.ar\/index.php\/wp-json\/wp\/v2\/media\/416"}],"wp:attachment":[{"href":"https:\/\/elfaroonline.com.ar\/index.php\/wp-json\/wp\/v2\/media?parent=415"}],"wp:term":[{"taxonomy":"category","embeddable":true,"href":"https:\/\/elfaroonline.com.ar\/index.php\/wp-json\/wp\/v2\/categories?post=415"},{"taxonomy":"post_tag","embeddable":true,"href":"https:\/\/elfaroonline.com.ar\/index.php\/wp-json\/wp\/v2\/tags?post=415"}],"curies":[{"name":"wp","href":"https:\/\/api.w.org\/{rel}","templated":true}]}}