{"id":4160,"date":"2025-07-17T08:57:01","date_gmt":"2025-07-17T11:57:01","guid":{"rendered":"https:\/\/elfaroonline.com.ar\/?p=4160"},"modified":"2025-07-17T08:57:01","modified_gmt":"2025-07-17T11:57:01","slug":"el-viernes-inicia-el-periodo-de-inscripcion-a-la-tarifa-de-interes-social","status":"publish","type":"post","link":"https:\/\/elfaroonline.com.ar\/index.php\/2025\/07\/17\/el-viernes-inicia-el-periodo-de-inscripcion-a-la-tarifa-de-interes-social\/","title":{"rendered":"El viernes inicia el per\u00edodo de inscripci\u00f3n a la Tarifa de Inter\u00e9s Social"},"content":{"rendered":"<p class=\"v1MsoNormal\"><i><span lang=\"ES\">Conoc\u00e9 los requisitos para acceder al subsidio provincial en el servicio de energ\u00eda desde el pr\u00f3ximo viernes 18 de julio.<\/span><\/i><\/p>\n<p class=\"v1MsoNormal\"><span lang=\"ES\">El Gobierno Provincial informa que, el pr\u00f3ximo viernes, se pondr\u00e1 en marcha la campa\u00f1a para ampliar el beneficio de la Tarifa de Inter\u00e9s Social (TIS) a m\u00e1s catamarque\u00f1os y catamarque\u00f1as que ante los permanentes ajustes del Gobierno nacional en materia energ\u00e9tica ven afectada su econom\u00eda hogare\u00f1a.<\/span><\/p>\n<p class=\"v1MsoNormal\"><span lang=\"ES\">La nueva convocatoria de empadronamiento a beneficiarios de la Tarifa de Inter\u00e9s Social tendr\u00e1 un plazo de 30 d\u00edas corridos. No obstante, el Ministerio de Agua, Energ\u00eda y Medio Ambiente podr\u00e1 emitir la pr\u00f3rroga que estime necesaria para el plazo de inscripci\u00f3n. <\/span><\/p>\n<p class=\"v1MsoNormal\"><span lang=\"ES\">El beneficio del TIS otorga a los usuarios residenciales que cumplan con los requisitos un subsidio del 100% de los primeros 200 KWH mensuales consumidos, o 400 KWH bimestrales como tope, y un 50% del monto correspondiente al Cargo Fijo de la factura. Asimismo, se establece en 500 KWH mensuales o 1.000 KWH bimestrales, el consumo l\u00edmite para el mantenimiento del beneficio.<\/span><\/p>\n<p class=\"v1MsoNormal\"><b><span lang=\"ES\">Requisitos<\/span><\/b><\/p>\n<p class=\"v1MsoNormal\"><span lang=\"ES\">Los usuarios interesados en acceder al beneficio de la TIS deber\u00e1n completar un Formulario \u00danico de inscripci\u00f3n en car\u00e1cter de Declaraci\u00f3n Jurada, el cual estar\u00e1 disponible en formato digital en el sitio <a href=\"http:\/\/www.ecsapem.com.ar\/\" target=\"_blank\" rel=\"noopener noreferrer\">www.ecsapem.com.ar<\/a> desde el pr\u00f3ximo viernes 18 de julio, para asegurar su despliegue seguro, \u00e1gil y gratuito en todo el territorio provincial. Asimismo, en la p\u00e1gina estar\u00e1n disponibles todos los requisitos para adherir al subsidio.<\/span><\/p>\n<p class=\"v1MsoNormal\"><span lang=\"ES\">La Declaraci\u00f3n Jurada ser\u00e1 accesible desde dispositivos m\u00f3viles, computadoras personales como as\u00ed tambi\u00e9n en atenci\u00f3n al p\u00fablico de la distribuidora con previa solicitud de turnos.<\/span><\/p>\n<p class=\"v1MsoNormal\"><span lang=\"ES\">Para acceder al beneficio de la TIS los postulantes deber\u00e1n contar con la siguiente documentaci\u00f3n:<\/span><\/p>\n<p class=\"v1MsoNormal\"><span lang=\"ES\">-Factura del servicio en caso de ser usuario. Libre deuda y\/o constancia de no poseer deuda con la distribuidora de energ\u00eda.<\/span><\/p>\n<p class=\"v1MsoNormal\"><span lang=\"ES\">-DNI del titular y del grupo familiar.<\/span><\/p>\n<p class=\"v1MsoNormal\"><span lang=\"ES\">-Recibo de sueldo o recibo de jubilaci\u00f3n o pensi\u00f3n seg\u00fan corresponda.<\/span><\/p>\n<p class=\"v1MsoNormal\"><span lang=\"ES\">-Certificado de convivencia.<\/span><\/p>\n<p class=\"v1MsoNormal\"><span lang=\"ES\">-Constancia de Negativa de ANSES.<\/span><\/p>\n<p class=\"v1MsoNormal\"><span lang=\"ES\">-Alta como empleado\/a en el caso de la Ley N\u00b026.844; constancia de monotributo social, AUH, Becas Progresar, pensiones no contributivas, ex Potenciar Trabajo o cualquier otro beneficio seg\u00fan corresponda y certificado oficial para el supuesto de titulares ex combatientes y veteranos de la Guerra de Malvinas.\u00a0 <\/span><\/p>\n<p class=\"v1MsoNormal\"><span lang=\"ES\">Es importante aclarar que, los beneficiarios que excedan el tope para el consumo subsidiado del beneficio deber\u00e1n pagar el mismo con tarifa plena.<\/span><\/p>\n","protected":false},"excerpt":{"rendered":"<p>Conoc\u00e9 los requisitos para acceder al subsidio provincial en el servicio de energ\u00eda desde el pr\u00f3ximo viernes 18 de julio. El Gobierno Provincial informa que, el pr\u00f3ximo viernes, se pondr\u00e1 en marcha la campa\u00f1a para ampliar el beneficio de la Tarifa de Inter\u00e9s Social (TIS) a m\u00e1s catamarque\u00f1os y catamarque\u00f1as que ante los permanentes ajustes [&hellip;]<\/p>\n","protected":false},"author":2,"featured_media":4161,"comment_status":"open","ping_status":"open","sticky":false,"template":"","format":"standard","meta":{"footnotes":""},"categories":[23,20],"tags":[],"class_list":{"0":"post-4160","1":"post","2":"type-post","3":"status-publish","4":"format-standard","5":"has-post-thumbnail","7":"category-destacados","8":"category-sociedad"},"aioseo_notices":[],"_links":{"self":[{"href":"https:\/\/elfaroonline.com.ar\/index.php\/wp-json\/wp\/v2\/posts\/4160","targetHints":{"allow":["GET"]}}],"collection":[{"href":"https:\/\/elfaroonline.com.ar\/index.php\/wp-json\/wp\/v2\/posts"}],"about":[{"href":"https:\/\/elfaroonline.com.ar\/index.php\/wp-json\/wp\/v2\/types\/post"}],"author":[{"embeddable":true,"href":"https:\/\/elfaroonline.com.ar\/index.php\/wp-json\/wp\/v2\/users\/2"}],"replies":[{"embeddable":true,"href":"https:\/\/elfaroonline.com.ar\/index.php\/wp-json\/wp\/v2\/comments?post=4160"}],"version-history":[{"count":1,"href":"https:\/\/elfaroonline.com.ar\/index.php\/wp-json\/wp\/v2\/posts\/4160\/revisions"}],"predecessor-version":[{"id":4162,"href":"https:\/\/elfaroonline.com.ar\/index.php\/wp-json\/wp\/v2\/posts\/4160\/revisions\/4162"}],"wp:featuredmedia":[{"embeddable":true,"href":"https:\/\/elfaroonline.com.ar\/index.php\/wp-json\/wp\/v2\/media\/4161"}],"wp:attachment":[{"href":"https:\/\/elfaroonline.com.ar\/index.php\/wp-json\/wp\/v2\/media?parent=4160"}],"wp:term":[{"taxonomy":"category","embeddable":true,"href":"https:\/\/elfaroonline.com.ar\/index.php\/wp-json\/wp\/v2\/categories?post=4160"},{"taxonomy":"post_tag","embeddable":true,"href":"https:\/\/elfaroonline.com.ar\/index.php\/wp-json\/wp\/v2\/tags?post=4160"}],"curies":[{"name":"wp","href":"https:\/\/api.w.org\/{rel}","templated":true}]}}