{"id":4166,"date":"2025-07-17T08:56:09","date_gmt":"2025-07-17T11:56:09","guid":{"rendered":"https:\/\/elfaroonline.com.ar\/?p=4166"},"modified":"2025-07-17T08:56:09","modified_gmt":"2025-07-17T11:56:09","slug":"osep-se-reunio-con-feclisa-para-unificar-criterios-en-la-provision-de-elementos-e-insumos","status":"publish","type":"post","link":"https:\/\/elfaroonline.com.ar\/index.php\/2025\/07\/17\/osep-se-reunio-con-feclisa-para-unificar-criterios-en-la-provision-de-elementos-e-insumos\/","title":{"rendered":"OSEP se reuni\u00f3 con FECLISA para unificar criterios en la provisi\u00f3n de elementos e insumos"},"content":{"rendered":"<p class=\"v1MsoNormal\"><i><span lang=\"ES\">La iniciativa apunta a reducir el uso de m\u00f3dulos at\u00edpicos para pr\u00e1cticas, elementos e insumos, una modalidad que suele generar demoras y tr\u00e1mites adicionales para los afiliados.<\/span><\/i><\/p>\n<p class=\"v1MsoNormal\"><span lang=\"ES\">El director de la Obra Social de los Empleados P\u00fablicos (OSEP), Leopoldo Marchetti, mantuvo hoy una reuni\u00f3n junto a los referentes de la Federaci\u00f3n de Cl\u00ednicas y Sanatorios (FECLISA) con el objetivo de nomenclar elementos e insumos.<\/span><\/p>\n<p class=\"v1MsoNormal\"><span lang=\"ES\">Uno de los puntos centrales del encuentro consisti\u00f3 en definir que las pr\u00e1cticas que se codifiquen en el nomenclador tengan valores unificados para todos los sanatorios. Esta medida contribuir\u00e1 a reducir la necesidad de presentar presupuestos y de utilizar los llamados &#8220;m\u00f3dulos at\u00edpicos&#8221; que, aunque son frecuentes en el sistema de salud, pueden generar demoras en las autorizaciones.<\/span><\/p>\n<p class=\"v1MsoNormal\"><span lang=\"ES\">En la reuni\u00f3n, en la que participaron todos los miembros de FECLISA, se busc\u00f3 establecer criterios comunes para agilizar procesos administrativos y evitar tr\u00e1mites innecesarios a los afiliados y afiliadas, buscando mayor celeridad y una gesti\u00f3n m\u00e1s eficiente.<\/span><\/p>\n<p class=\"v1MsoNormal\"><span lang=\"ES\">Por otra parte, la OSEP continuar\u00e1 trabajando en esta misma l\u00ednea en los pr\u00f3ximos d\u00edas, y por ello est\u00e1n previstas nuevas reuniones con autoridades del Sanatorio Allende y el Hospital Privado de C\u00f3rdoba para nomenclar la mayor cantidad de pr\u00e1cticas y seguir fortaleciendo un sistema m\u00e1s \u00e1gil para los beneficiarios de la Obra Social.<\/span><\/p>\n","protected":false},"excerpt":{"rendered":"<p>La iniciativa apunta a reducir el uso de m\u00f3dulos at\u00edpicos para pr\u00e1cticas, elementos e insumos, una modalidad que suele generar demoras y tr\u00e1mites adicionales para los afiliados. El director de la Obra Social de los Empleados P\u00fablicos (OSEP), Leopoldo Marchetti, mantuvo hoy una reuni\u00f3n junto a los referentes de la Federaci\u00f3n de Cl\u00ednicas y Sanatorios [&hellip;]<\/p>\n","protected":false},"author":2,"featured_media":4167,"comment_status":"open","ping_status":"open","sticky":false,"template":"","format":"standard","meta":{"footnotes":""},"categories":[21],"tags":[],"class_list":{"0":"post-4166","1":"post","2":"type-post","3":"status-publish","4":"format-standard","5":"has-post-thumbnail","7":"category-politica"},"aioseo_notices":[],"_links":{"self":[{"href":"https:\/\/elfaroonline.com.ar\/index.php\/wp-json\/wp\/v2\/posts\/4166","targetHints":{"allow":["GET"]}}],"collection":[{"href":"https:\/\/elfaroonline.com.ar\/index.php\/wp-json\/wp\/v2\/posts"}],"about":[{"href":"https:\/\/elfaroonline.com.ar\/index.php\/wp-json\/wp\/v2\/types\/post"}],"author":[{"embeddable":true,"href":"https:\/\/elfaroonline.com.ar\/index.php\/wp-json\/wp\/v2\/users\/2"}],"replies":[{"embeddable":true,"href":"https:\/\/elfaroonline.com.ar\/index.php\/wp-json\/wp\/v2\/comments?post=4166"}],"version-history":[{"count":1,"href":"https:\/\/elfaroonline.com.ar\/index.php\/wp-json\/wp\/v2\/posts\/4166\/revisions"}],"predecessor-version":[{"id":4168,"href":"https:\/\/elfaroonline.com.ar\/index.php\/wp-json\/wp\/v2\/posts\/4166\/revisions\/4168"}],"wp:featuredmedia":[{"embeddable":true,"href":"https:\/\/elfaroonline.com.ar\/index.php\/wp-json\/wp\/v2\/media\/4167"}],"wp:attachment":[{"href":"https:\/\/elfaroonline.com.ar\/index.php\/wp-json\/wp\/v2\/media?parent=4166"}],"wp:term":[{"taxonomy":"category","embeddable":true,"href":"https:\/\/elfaroonline.com.ar\/index.php\/wp-json\/wp\/v2\/categories?post=4166"},{"taxonomy":"post_tag","embeddable":true,"href":"https:\/\/elfaroonline.com.ar\/index.php\/wp-json\/wp\/v2\/tags?post=4166"}],"curies":[{"name":"wp","href":"https:\/\/api.w.org\/{rel}","templated":true}]}}