{"id":4169,"date":"2025-07-17T08:55:43","date_gmt":"2025-07-17T11:55:43","guid":{"rendered":"https:\/\/elfaroonline.com.ar\/?p=4169"},"modified":"2025-07-17T08:55:43","modified_gmt":"2025-07-17T11:55:43","slug":"jornada-sobre-promocion-de-produccion-organica-del-noa-en-el-poncho","status":"publish","type":"post","link":"https:\/\/elfaroonline.com.ar\/index.php\/2025\/07\/17\/jornada-sobre-promocion-de-produccion-organica-del-noa-en-el-poncho\/","title":{"rendered":"Jornada sobre promoci\u00f3n de Producci\u00f3n Org\u00e1nica del NOA en el Poncho"},"content":{"rendered":"<div>\n<p class=\"v1MsoNormal\">El Ministerio de Desarrollo Productivo va a ofrecer un c\u00famulo de actividades en el marco de la Fiesta Nacional del Poncho, todas con los objetivos de promover el desarrollo, dar a conocer m\u00faltiples actividades relacionadas con la producci\u00f3n catamarque\u00f1a y sus actores, a la vez de ser nexo de contacto entre los mismos productores y el masivo p\u00fablico que se dar\u00e1 cita en el gran acontecimiento cultural de esta Provincia.<\/p>\n<p class=\"v1MsoNormal\">En ese marco de importantes actividades se destaca la Jornada de Promoci\u00f3n de Producci\u00f3n Org\u00e1nica del NOA, coordinada por la Direcci\u00f3n de Certificaci\u00f3n y Producci\u00f3n Sostenible, organismo perteneciente a la cartera que conduce Leonardo Zeballos. La misma se llevar\u00e1 a cabo el mi\u00e9rcoles 23 de julio, entre las 12 y las 18.<\/p>\n<p class=\"v1MsoNormal\">La Jornada, seg\u00fan adelant\u00f3 la directora Roc\u00edo Leiva, abrir\u00e1 a las 12 en el Sal\u00f3n Bicentenario, con la reuni\u00f3n de la Mesa Regional de Producci\u00f3n Org\u00e1nica del NOA, con las presencias de autoridades nacionales, provinciales y operadores org\u00e1nicos de la regi\u00f3n.<\/p>\n<p class=\"v1MsoNormal\">Luego, desde las 14.30, en el pabell\u00f3n Bodegas y Delicatessen (ubicado en la caminer\u00eda central del Predio Ferial, luego de los salones de artesan\u00edas) ser\u00e1 la presentaci\u00f3n de Nuevos Productos Org\u00e1nicos del NOA, y seguidamente ser\u00e1 la presentaci\u00f3n del Sector Org\u00e1nico Argentina.<\/p>\n<p class=\"v1MsoNormal\">Finalmente, la jornada culminar\u00e1 en el sector central del pabell\u00f3n, donde se realizar\u00e1 un show gastron\u00f3mico a cargo del chef Julio Rold\u00e1n, quien fue ganador en categor\u00eda Restaurante, del Premio Argentina Org\u00e1nica 2024. Es de destacar que el chef ocupar\u00e1 todos productos donados por las empresas org\u00e1nicas.<\/p>\n<p class=\"v1MsoNormal\">Estas actividades en el Pabell\u00f3n Bodegas y Delicatessen est\u00e1n abiertas para todo el p\u00fablico interesado en conocer sobre la producci\u00f3n org\u00e1nica, definida como &#8220;un sistema de producci\u00f3n sostenible de alimentos que integra pr\u00e1cticas culturales, biol\u00f3gicas y mec\u00e1nicas para mantener o aumentar la fertilidad del suelo, promover la biodiversidad y proteger los cultivos sin el uso de pesticidas, fertilizantes sint\u00e9ticos ni organismos gen\u00e9ticamente modificados&#8221;.<\/p>\n<\/div>\n","protected":false},"excerpt":{"rendered":"<p>El Ministerio de Desarrollo Productivo va a ofrecer un c\u00famulo de actividades en el marco de la Fiesta Nacional del Poncho, todas con los objetivos de promover el desarrollo, dar a conocer m\u00faltiples actividades relacionadas con la producci\u00f3n catamarque\u00f1a y sus actores, a la vez de ser nexo de contacto entre los mismos productores y [&hellip;]<\/p>\n","protected":false},"author":2,"featured_media":4170,"comment_status":"open","ping_status":"open","sticky":false,"template":"","format":"standard","meta":{"footnotes":""},"categories":[20],"tags":[],"class_list":{"0":"post-4169","1":"post","2":"type-post","3":"status-publish","4":"format-standard","5":"has-post-thumbnail","7":"category-sociedad"},"aioseo_notices":[],"_links":{"self":[{"href":"https:\/\/elfaroonline.com.ar\/index.php\/wp-json\/wp\/v2\/posts\/4169","targetHints":{"allow":["GET"]}}],"collection":[{"href":"https:\/\/elfaroonline.com.ar\/index.php\/wp-json\/wp\/v2\/posts"}],"about":[{"href":"https:\/\/elfaroonline.com.ar\/index.php\/wp-json\/wp\/v2\/types\/post"}],"author":[{"embeddable":true,"href":"https:\/\/elfaroonline.com.ar\/index.php\/wp-json\/wp\/v2\/users\/2"}],"replies":[{"embeddable":true,"href":"https:\/\/elfaroonline.com.ar\/index.php\/wp-json\/wp\/v2\/comments?post=4169"}],"version-history":[{"count":1,"href":"https:\/\/elfaroonline.com.ar\/index.php\/wp-json\/wp\/v2\/posts\/4169\/revisions"}],"predecessor-version":[{"id":4171,"href":"https:\/\/elfaroonline.com.ar\/index.php\/wp-json\/wp\/v2\/posts\/4169\/revisions\/4171"}],"wp:featuredmedia":[{"embeddable":true,"href":"https:\/\/elfaroonline.com.ar\/index.php\/wp-json\/wp\/v2\/media\/4170"}],"wp:attachment":[{"href":"https:\/\/elfaroonline.com.ar\/index.php\/wp-json\/wp\/v2\/media?parent=4169"}],"wp:term":[{"taxonomy":"category","embeddable":true,"href":"https:\/\/elfaroonline.com.ar\/index.php\/wp-json\/wp\/v2\/categories?post=4169"},{"taxonomy":"post_tag","embeddable":true,"href":"https:\/\/elfaroonline.com.ar\/index.php\/wp-json\/wp\/v2\/tags?post=4169"}],"curies":[{"name":"wp","href":"https:\/\/api.w.org\/{rel}","templated":true}]}}