{"id":4172,"date":"2025-07-17T08:55:12","date_gmt":"2025-07-17T11:55:12","guid":{"rendered":"https:\/\/elfaroonline.com.ar\/?p=4172"},"modified":"2025-07-17T08:55:12","modified_gmt":"2025-07-17T11:55:12","slug":"paritaria-salud-mejora-salarial-del-5-en-julio-actualizacion-bimestral-y-adicionales-para-agentes-sanitarios-y-conductores-de-ambulancias","status":"publish","type":"post","link":"https:\/\/elfaroonline.com.ar\/index.php\/2025\/07\/17\/paritaria-salud-mejora-salarial-del-5-en-julio-actualizacion-bimestral-y-adicionales-para-agentes-sanitarios-y-conductores-de-ambulancias\/","title":{"rendered":"Paritaria Salud: mejora salarial del 5% en julio, actualizaci\u00f3n bimestral y adicionales para agentes sanitarios y conductores de ambulancias"},"content":{"rendered":"<p class=\"v1MsoNormal\">El Gobierno provincial y la Asociaci\u00f3n de Trabajadores de la Sanidad Argentina (ATSA) sellaron un acuerdo salarial con mejoras que incluye a todo el personal de salud de Catamarca.<\/p>\n<p class=\"v1MsoNormal\">En dicho acuerdo se establece un incremento salarial promedio del 5% para todo el personal del escalaf\u00f3n sanitario del sistema de salud p\u00fablica, a partir de julio. En el mismo se incorporan mejoras salariales en los adicionales.<\/p>\n<p class=\"v1MsoNormal\">En pos de mantener el poder adquisitivo de los trabajadores de la salud, se defini\u00f3 una actualizaci\u00f3n salarial bimestral por inflaci\u00f3n con el siguiente esquema:<\/p>\n<p class=\"v1MsoNormal\">-Septiembre 2025: actualizaci\u00f3n seg\u00fan el IPC de julio y agosto.<\/p>\n<p class=\"v1MsoNormal\">-Noviembre 2025: actualizaci\u00f3n seg\u00fan el IPC de septiembre y octubre.<\/p>\n<p class=\"v1MsoNormal\">-Enero 2026: actualizaci\u00f3n seg\u00fan el IPC de noviembre y diciembre.<\/p>\n<p class=\"v1MsoNormal\"><b>Agentes sanitarios y ch\u00f3feres <\/b><\/p>\n<p class=\"v1MsoNormal\">Otro de los puntos importantes del acuerdo es la creaci\u00f3n de un nuevo adicional que reconoce la tarea de los agentes sanitarios que trabajan en terreno y de los conductores encargados de los m\u00f3viles sanitarios que realizan traslados desde el interior provincial.<\/p>\n<p class=\"v1MsoNormal\">Las partes volver\u00e1n a reunirse en la primera semana de noviembre para el monitoreo de la pauta salarial acordada.<\/p>\n","protected":false},"excerpt":{"rendered":"<p>El Gobierno provincial y la Asociaci\u00f3n de Trabajadores de la Sanidad Argentina (ATSA) sellaron un acuerdo salarial con mejoras que incluye a todo el personal de salud de Catamarca. En dicho acuerdo se establece un incremento salarial promedio del 5% para todo el personal del escalaf\u00f3n sanitario del sistema de salud p\u00fablica, a partir de [&hellip;]<\/p>\n","protected":false},"author":2,"featured_media":4173,"comment_status":"open","ping_status":"open","sticky":false,"template":"","format":"standard","meta":{"footnotes":""},"categories":[21],"tags":[],"class_list":{"0":"post-4172","1":"post","2":"type-post","3":"status-publish","4":"format-standard","5":"has-post-thumbnail","7":"category-politica"},"aioseo_notices":[],"_links":{"self":[{"href":"https:\/\/elfaroonline.com.ar\/index.php\/wp-json\/wp\/v2\/posts\/4172","targetHints":{"allow":["GET"]}}],"collection":[{"href":"https:\/\/elfaroonline.com.ar\/index.php\/wp-json\/wp\/v2\/posts"}],"about":[{"href":"https:\/\/elfaroonline.com.ar\/index.php\/wp-json\/wp\/v2\/types\/post"}],"author":[{"embeddable":true,"href":"https:\/\/elfaroonline.com.ar\/index.php\/wp-json\/wp\/v2\/users\/2"}],"replies":[{"embeddable":true,"href":"https:\/\/elfaroonline.com.ar\/index.php\/wp-json\/wp\/v2\/comments?post=4172"}],"version-history":[{"count":1,"href":"https:\/\/elfaroonline.com.ar\/index.php\/wp-json\/wp\/v2\/posts\/4172\/revisions"}],"predecessor-version":[{"id":4174,"href":"https:\/\/elfaroonline.com.ar\/index.php\/wp-json\/wp\/v2\/posts\/4172\/revisions\/4174"}],"wp:featuredmedia":[{"embeddable":true,"href":"https:\/\/elfaroonline.com.ar\/index.php\/wp-json\/wp\/v2\/media\/4173"}],"wp:attachment":[{"href":"https:\/\/elfaroonline.com.ar\/index.php\/wp-json\/wp\/v2\/media?parent=4172"}],"wp:term":[{"taxonomy":"category","embeddable":true,"href":"https:\/\/elfaroonline.com.ar\/index.php\/wp-json\/wp\/v2\/categories?post=4172"},{"taxonomy":"post_tag","embeddable":true,"href":"https:\/\/elfaroonline.com.ar\/index.php\/wp-json\/wp\/v2\/tags?post=4172"}],"curies":[{"name":"wp","href":"https:\/\/api.w.org\/{rel}","templated":true}]}}