{"id":4175,"date":"2025-07-17T08:54:44","date_gmt":"2025-07-17T11:54:44","guid":{"rendered":"https:\/\/elfaroonline.com.ar\/?p=4175"},"modified":"2025-07-17T08:54:44","modified_gmt":"2025-07-17T11:54:44","slug":"un-renovado-predio-ferial-esta-listo-para-recibir-el-poncho-2025","status":"publish","type":"post","link":"https:\/\/elfaroonline.com.ar\/index.php\/2025\/07\/17\/un-renovado-predio-ferial-esta-listo-para-recibir-el-poncho-2025\/","title":{"rendered":"Un renovado Predio Ferial est\u00e1 listo para recibir el Poncho 2025"},"content":{"rendered":"<p class=\"v1MsoNormal\">A pocos d\u00edas del inicio de la 54\u00aa edici\u00f3n de la Fiesta Nacional e Internacional del Poncho, el gobernador Ra\u00fal Jalil recorri\u00f3 el Predio Ferial Catamarca para supervisar las obras y refacciones que se realizaron en el lugar. Lo hizo acompa\u00f1ado por la ministra de Cultura, Turismo y Deporte, Daiana Rold\u00e1n; el ministro de Gobierno, Seguridad y Justicia, Fernando Monguillot; y el ministro de Hacienda y Obras P\u00fablicas, Juan Marchetti.<\/p>\n<p class=\"v1MsoNormal\">Los trabajos comenzaron hace tres meses e incluyeron mejoras integrales en distintos sectores del predio. Entre las principales novedades se destaca la incorporaci\u00f3n del &#8220;Mercado Cultural&#8221;, un nuevo espacio totalmente pensado para artesanos que, adem\u00e1s, tendr\u00e1 el sector para los productores cerveceros. Tambi\u00e9n ya est\u00e1 listo El Patio, uno de los sectores m\u00e1s convocantes del evento en las \u00faltimas ediciones, donde se realizaron reacondicionamientos y se ultima detalles en el armado del escenario.<\/p>\n<p class=\"v1MsoNormal\">Otras obras integrales abarcaron la construcci\u00f3n de 7.500 metros cuadrados de nuevas caminer\u00edas, instalaci\u00f3n de bancos y mobiliario urbano, remodelaci\u00f3n de ingresos con nuevos p\u00f3rticos -en particular el Port\u00f3n 2, ubicado junto a El Patio- y mejoras integrales en los salones del Predio.<\/p>\n<p class=\"v1MsoNormal\">Adem\u00e1s, se realizaron tareas de pintura, puesta en valor de ba\u00f1os, mejoras en jardiner\u00eda y maceter\u00eda, instalaci\u00f3n de luminarias LED en espacios comunes, y reacondicionamiento en el Corredor Central.<\/p>\n<p class=\"v1MsoNormal\">La Fiesta del Poncho se llevar\u00e1 a cabo del viernes 18 al domingo 27 de julio, y el Gobierno provincial busca ofrecer una experiencia renovada y m\u00e1s c\u00f3moda tanto para los artesanos como para el p\u00fablico.<\/p>\n","protected":false},"excerpt":{"rendered":"<p>A pocos d\u00edas del inicio de la 54\u00aa edici\u00f3n de la Fiesta Nacional e Internacional del Poncho, el gobernador Ra\u00fal Jalil recorri\u00f3 el Predio Ferial Catamarca para supervisar las obras y refacciones que se realizaron en el lugar. Lo hizo acompa\u00f1ado por la ministra de Cultura, Turismo y Deporte, Daiana Rold\u00e1n; el ministro de Gobierno, [&hellip;]<\/p>\n","protected":false},"author":2,"featured_media":4176,"comment_status":"open","ping_status":"open","sticky":false,"template":"","format":"standard","meta":{"footnotes":""},"categories":[20],"tags":[],"class_list":{"0":"post-4175","1":"post","2":"type-post","3":"status-publish","4":"format-standard","5":"has-post-thumbnail","7":"category-sociedad"},"aioseo_notices":[],"_links":{"self":[{"href":"https:\/\/elfaroonline.com.ar\/index.php\/wp-json\/wp\/v2\/posts\/4175","targetHints":{"allow":["GET"]}}],"collection":[{"href":"https:\/\/elfaroonline.com.ar\/index.php\/wp-json\/wp\/v2\/posts"}],"about":[{"href":"https:\/\/elfaroonline.com.ar\/index.php\/wp-json\/wp\/v2\/types\/post"}],"author":[{"embeddable":true,"href":"https:\/\/elfaroonline.com.ar\/index.php\/wp-json\/wp\/v2\/users\/2"}],"replies":[{"embeddable":true,"href":"https:\/\/elfaroonline.com.ar\/index.php\/wp-json\/wp\/v2\/comments?post=4175"}],"version-history":[{"count":1,"href":"https:\/\/elfaroonline.com.ar\/index.php\/wp-json\/wp\/v2\/posts\/4175\/revisions"}],"predecessor-version":[{"id":4177,"href":"https:\/\/elfaroonline.com.ar\/index.php\/wp-json\/wp\/v2\/posts\/4175\/revisions\/4177"}],"wp:featuredmedia":[{"embeddable":true,"href":"https:\/\/elfaroonline.com.ar\/index.php\/wp-json\/wp\/v2\/media\/4176"}],"wp:attachment":[{"href":"https:\/\/elfaroonline.com.ar\/index.php\/wp-json\/wp\/v2\/media?parent=4175"}],"wp:term":[{"taxonomy":"category","embeddable":true,"href":"https:\/\/elfaroonline.com.ar\/index.php\/wp-json\/wp\/v2\/categories?post=4175"},{"taxonomy":"post_tag","embeddable":true,"href":"https:\/\/elfaroonline.com.ar\/index.php\/wp-json\/wp\/v2\/tags?post=4175"}],"curies":[{"name":"wp","href":"https:\/\/api.w.org\/{rel}","templated":true}]}}