{"id":4181,"date":"2025-07-17T08:53:48","date_gmt":"2025-07-17T11:53:48","guid":{"rendered":"https:\/\/elfaroonline.com.ar\/?p=4181"},"modified":"2025-07-17T08:53:48","modified_gmt":"2025-07-17T11:53:48","slug":"el-tolar-en-pocas-semanas-estara-el-camino-y-la-comunidad-se-suma-al-trabajo-con-la-vicuna","status":"publish","type":"post","link":"https:\/\/elfaroonline.com.ar\/index.php\/2025\/07\/17\/el-tolar-en-pocas-semanas-estara-el-camino-y-la-comunidad-se-suma-al-trabajo-con-la-vicuna\/","title":{"rendered":"El Tolar: en pocas semanas estar\u00e1 el camino y la comunidad se suma al trabajo con la vicu\u00f1a"},"content":{"rendered":"<p class=\"v1MsoNormal\">Integrantes de la comunidad de El Tolar, encabezados por su cacique Ram\u00f3n Enrique Gordillo, visitaron al gobernador Ra\u00fal Jalil en Casa de Gobierno para agradecer la ejecuci\u00f3n de la obra vial que se lleva adelante en la regi\u00f3n del norte grande de Bel\u00e9n.<\/p>\n<p class=\"v1MsoNormal\">En la ocasi\u00f3n, el mandatario provincial les inform\u00f3 que solo restan cinco kil\u00f3metros para concluir la apertura de la traza vial que conectar\u00e1 la localidad de El Tolar con El Durazno. Este camino es un pedido hist\u00f3rico de la comunidad, puesto que para arribar al pueblo demandaba m\u00e1s de nueve horas a caballo entre las monta\u00f1as.<\/p>\n<p class=\"v1MsoNormal\">En otro tema, se habl\u00f3 sobre la incorporaci\u00f3n de la comunidad en el proyecto Ruta del Telar, donde podr\u00e1n especializarse en el desarrollo, trabajo y manejo de la fibra de vicu\u00f1a, lo que representa una posibilidad de crecimiento para los habitantes de la zona.<\/p>\n<p class=\"v1MsoNormal\">El cacique Ram\u00f3n Enrique Gordillo, que estuvo acompa\u00f1ado por su coterr\u00e1neo Dante Ochoa, se mostr\u00f3 conforme con el di\u00e1logo mantenido con el Gobernador: &#8220;Estamos muy contentos con la reuni\u00f3n que tuvimos, porque nos informaron que solo falta cinco kil\u00f3metros para completar el camino alternativo hacia El Tolar&#8221;.<\/p>\n<p class=\"v1MsoNormal\">Por \u00faltimo, Gordillo asegur\u00f3 que &#8220;continuaremos trabajando de manera mancomunada para generar mayor desarrollo y mejorar la calidad de vida de todos los habitantes de nuestra comunidad que estuvo tanto tiempo postergada y hoy encontramos respuesta en un Gobernador que atiende nuestras necesidades&#8221;.<\/p>\n","protected":false},"excerpt":{"rendered":"<p>Integrantes de la comunidad de El Tolar, encabezados por su cacique Ram\u00f3n Enrique Gordillo, visitaron al gobernador Ra\u00fal Jalil en Casa de Gobierno para agradecer la ejecuci\u00f3n de la obra vial que se lleva adelante en la regi\u00f3n del norte grande de Bel\u00e9n. En la ocasi\u00f3n, el mandatario provincial les inform\u00f3 que solo restan cinco [&hellip;]<\/p>\n","protected":false},"author":2,"featured_media":4182,"comment_status":"open","ping_status":"open","sticky":false,"template":"","format":"standard","meta":{"footnotes":""},"categories":[21],"tags":[],"class_list":{"0":"post-4181","1":"post","2":"type-post","3":"status-publish","4":"format-standard","5":"has-post-thumbnail","7":"category-politica"},"aioseo_notices":[],"_links":{"self":[{"href":"https:\/\/elfaroonline.com.ar\/index.php\/wp-json\/wp\/v2\/posts\/4181","targetHints":{"allow":["GET"]}}],"collection":[{"href":"https:\/\/elfaroonline.com.ar\/index.php\/wp-json\/wp\/v2\/posts"}],"about":[{"href":"https:\/\/elfaroonline.com.ar\/index.php\/wp-json\/wp\/v2\/types\/post"}],"author":[{"embeddable":true,"href":"https:\/\/elfaroonline.com.ar\/index.php\/wp-json\/wp\/v2\/users\/2"}],"replies":[{"embeddable":true,"href":"https:\/\/elfaroonline.com.ar\/index.php\/wp-json\/wp\/v2\/comments?post=4181"}],"version-history":[{"count":1,"href":"https:\/\/elfaroonline.com.ar\/index.php\/wp-json\/wp\/v2\/posts\/4181\/revisions"}],"predecessor-version":[{"id":4183,"href":"https:\/\/elfaroonline.com.ar\/index.php\/wp-json\/wp\/v2\/posts\/4181\/revisions\/4183"}],"wp:featuredmedia":[{"embeddable":true,"href":"https:\/\/elfaroonline.com.ar\/index.php\/wp-json\/wp\/v2\/media\/4182"}],"wp:attachment":[{"href":"https:\/\/elfaroonline.com.ar\/index.php\/wp-json\/wp\/v2\/media?parent=4181"}],"wp:term":[{"taxonomy":"category","embeddable":true,"href":"https:\/\/elfaroonline.com.ar\/index.php\/wp-json\/wp\/v2\/categories?post=4181"},{"taxonomy":"post_tag","embeddable":true,"href":"https:\/\/elfaroonline.com.ar\/index.php\/wp-json\/wp\/v2\/tags?post=4181"}],"curies":[{"name":"wp","href":"https:\/\/api.w.org\/{rel}","templated":true}]}}